{"id":1115,"date":"2015-01-23T14:08:12","date_gmt":"2015-01-23T12:08:12","guid":{"rendered":"http:\/\/anbpr.s-a-f.ro\/?p=1115"},"modified":"2017-03-23T14:09:37","modified_gmt":"2017-03-23T12:09:37","slug":"agora-culturala-biblioteca-ta-un-proiect-in-sprijinul-diversitatii","status":"publish","type":"post","link":"https:\/\/anbpr.org.ro\/index.php\/agora-culturala-biblioteca-ta-un-proiect-in-sprijinul-diversitatii\/","title":{"rendered":"Agora Cultural\u0103 @ Biblioteca Ta &#8211; un proiect \u00een sprijinul diversit\u0103\u021bii"},"content":{"rendered":"<div id='share-me'><ul class='share-left'><li><a href=\"http:\/\/www.facebook.com\/sharer.php?u=https:\/\/anbpr.org.ro\/index.php\/agora-culturala-biblioteca-ta-un-proiect-in-sprijinul-diversitatii\/&t=Agora+Cultural%C4%83+%40+Biblioteca+Ta+%26%238211%3B+un+proiect+%C3%AEn+sprijinul+diversit%C4%83%C8%9Bii\" alt=\"Share on Facebook\" title=\"Share on Facebook\"   onclick=\"return smWindowpop(this.href,545,433)\"><img alt = \"\" src = \"https:\/\/anbpr.org.ro\/wp-content\/plugins\/share-me\/\/assets\/images\/cercle\/facebook.png\"  height=\"32px\"  width=\"32px\"><\/a><\/li><li><a href=\"http:\/\/twitter.com\/share?text=Agora+Cultural%C4%83+%40+Biblioteca+Ta+%26%238211%3B+un+proiect+%C3%AEn+sprijinul+diversit%C4%83%C8%9Bii-&url=https:\/\/anbpr.org.ro\/index.php\/agora-culturala-biblioteca-ta-un-proiect-in-sprijinul-diversitatii\/&via=ANBPR - Asocia\u021bia Na\u021bional\u0103  a Bibliotecarilor \u0219i Bibliotecilor Publice din Rom\u00e2nia\" alt=\"Tweet This Post\" title=\"Tweet This Post\"  onclick=\"return smWindowpop(this.href,545,433)\"><img alt = \"\" src = \"https:\/\/anbpr.org.ro\/wp-content\/plugins\/share-me\/\/assets\/images\/cercle\/twitter.png\"  height=\"32px\"  width=\"32px\"><\/a><\/li><li><a href=\"https:\/\/plusone.google.com\/_\/+1\/confirm?hl=fr-FR&url=https:\/\/anbpr.org.ro\/index.php\/agora-culturala-biblioteca-ta-un-proiect-in-sprijinul-diversitatii\/\" alt=\"Share on Google+\" title=\"Share on Google+\"  target=\"_blank\" onclick=\"return smWindowpop(this.href,545,433)\"><img alt = \"\" src = \"https:\/\/anbpr.org.ro\/wp-content\/plugins\/share-me\/\/assets\/images\/cercle\/googleplus.png\"  height=\"32px\"  width=\"32px\"><\/a><\/li><li><a href=\"http:\/\/www.tumblr.com\/share\/photo?source=https%3A%2F%2Fanbpr.org.ro%2Fwp-content%2Fuploads%2F2017%2F03%2Fimg_3830_240_160.jpg&caption=Agora+Cultural%C4%83+%40+Biblioteca+Ta+%26%238211%3B+un+proiect+%C3%AEn+sprijinul+diversit%C4%83%C8%9Bii&clickthru=https%3A%2F%2Fanbpr.org.ro%2Findex.php%2Fagora-culturala-biblioteca-ta-un-proiect-in-sprijinul-diversitatii%2F\" title=\"Share on Tumblr\"  onclick=\"return smWindowpop(this.href,545,433)\"> <img alt = \"\" src = \"https:\/\/anbpr.org.ro\/wp-content\/plugins\/share-me\/\/assets\/images\/cercle\/tumblr.png\"  height=\"32px\"  width=\"32px\"><\/a><\/li><li><a href=\"http:\/\/www.linkedin.com\/shareArticle?mini=true&url=https:\/\/anbpr.org.ro\/index.php\/agora-culturala-biblioteca-ta-un-proiect-in-sprijinul-diversitatii\/&title=Agora+Cultural%C4%83+%40+Biblioteca+Ta+%26%238211%3B+un+proiect+%C3%AEn+sprijinul+diversit%C4%83%C8%9Bii&source=ANBPR - Asocia\u021bia Na\u021bional\u0103  a Bibliotecarilor \u0219i Bibliotecilor Publice din Rom\u00e2nia\" onclick=\"return smWindowpop(this.href, 545,433)\"><img alt = \"\" src = \"https:\/\/anbpr.org.ro\/wp-content\/plugins\/share-me\/\/assets\/images\/cercle\/linkedin.png\"  height=\"32px\"  width=\"32px\"><\/a><\/li><li><a href=\"https:\/\/www.blogger.com\/blog-this.g?u=https:\/\/anbpr.org.ro\/index.php\/agora-culturala-biblioteca-ta-un-proiect-in-sprijinul-diversitatii\/&n=Agora+Cultural%C4%83+%40+Biblioteca+Ta+%26%238211%3B+un+proiect+%C3%AEn+sprijinul+diversit%C4%83%C8%9Bii&t=ANBPR - Asocia\u021bia Na\u021bional\u0103  a Bibliotecarilor \u0219i Bibliotecilor Publice din Rom\u00e2nia\" alt=\"Share on Blogger\" title=\"Share on Blogger\" onclick=\"return smWindowpop(this.href, 545,433)\"><img alt = \"\" src = \"https:\/\/anbpr.org.ro\/wp-content\/plugins\/share-me\/\/assets\/images\/cercle\/blogger.png\"  height=\"32px\"  width=\"32px\"><\/a><\/li><\/ul><\/div><br\/><p>O idee inovatoare, un proiect c\u00e2\u0219tig\u0103tor \u0219i un consor\u021biu de parteneri cu misiuni complementare. Aceasta este formula de start a proiectului <strong>Agora Cultural\u0103 @ Biblioteca Ta<\/strong>, un proiect cu bibliotecari \u0219i biblioteci, bazat pe tehnologie \u0219i creativitate.<\/p>\n<p>Lansat\u00a0public ast\u0103zi, la Biblioteca Na\u021bional\u0103 a Rom\u00e2niei, proiectul are\u00a0ca\u00a0obiectiv\u00a0punerea \u00een\u00a0valoare\u00a0a valorilor culturale specifice\u00a0minorit\u0103\u021bilor etnice din Rom\u00e2nia, folosind tehnica pove\u0219tilor digitale. Proiectul se va derula \u00een\u00a0municipiul <strong>Bucure\u0219ti<\/strong> \u0219i \u00een jude\u021bele <strong>Cluj<\/strong>, <strong>Sibiu<\/strong> \u0219i <strong>Br\u0103ila<\/strong>, unde bibliotecarii publici\u00a0\u0219i membrii comunit\u0103\u021bii vor participa la sesiuni\u00a0Train of Trainers, la ateliere de Digital Storytelling regionale \u0219i la spectacole de teatru profesioniste.<\/p>\n<p>Finalitatea proiectului <strong>Agora Cultural\u0103 @ Biblioteca Ta<\/strong>\u00a0va consta \u00een permanentizarea serviciului de realizare de pove\u0219ti digitale inspirate din via\u021ba comunit\u0103\u021bii, \u0219i \u00een special a minorit\u0103\u021bilor, la biblioteca public\u0103.<\/p>\n","protected":false},"excerpt":{"rendered":"<p>O idee inovatoare, un proiect c\u00e2\u0219tig\u0103tor \u0219i un consor\u021biu de parteneri cu misiuni complementare. Aceasta este formula de start a proiectului Agora Cultural\u0103 @ Biblioteca Ta, un proiect cu bibliotecari \u0219i biblioteci, bazat pe tehnologie \u0219i creativitate. Lansat\u00a0public ast\u0103zi, la Biblioteca Na\u021bional\u0103 a Rom\u00e2niei, proiectul are\u00a0ca\u00a0obiectiv\u00a0punerea \u00een\u00a0valoare\u00a0a valorilor culturale specifice\u00a0minorit\u0103\u021bilor etnice din Rom\u00e2nia, folosind tehnica <a href=\"https:\/\/anbpr.org.ro\/index.php\/agora-culturala-biblioteca-ta-un-proiect-in-sprijinul-diversitatii\/\" rel=\"nofollow\"><span class=\"sr-only\">Read more about Agora Cultural\u0103 @ Biblioteca Ta &#8211; un proiect \u00een sprijinul diversit\u0103\u021bii<\/span>[&hellip;]<\/a><\/p>\n","protected":false},"author":2,"featured_media":1116,"comment_status":"open","ping_status":"open","sticky":false,"template":"","format":"standard","meta":{"footnotes":""},"categories":[21,12,5],"tags":[],"class_list":["post-1115","post","type-post","status-publish","format-standard","has-post-thumbnail","hentry","category-parteneriate","category-proiecte","category-stiri"],"wppr_data":{"cwp_meta_box_check":"No"},"_links":{"self":[{"href":"https:\/\/anbpr.org.ro\/index.php\/wp-json\/wp\/v2\/posts\/1115","targetHints":{"allow":["GET"]}}],"collection":[{"href":"https:\/\/anbpr.org.ro\/index.php\/wp-json\/wp\/v2\/posts"}],"about":[{"href":"https:\/\/anbpr.org.ro\/index.php\/wp-json\/wp\/v2\/types\/post"}],"author":[{"embeddable":true,"href":"https:\/\/anbpr.org.ro\/index.php\/wp-json\/wp\/v2\/users\/2"}],"replies":[{"embeddable":true,"href":"https:\/\/anbpr.org.ro\/index.php\/wp-json\/wp\/v2\/comments?post=1115"}],"version-history":[{"count":1,"href":"https:\/\/anbpr.org.ro\/index.php\/wp-json\/wp\/v2\/posts\/1115\/revisions"}],"predecessor-version":[{"id":1117,"href":"https:\/\/anbpr.org.ro\/index.php\/wp-json\/wp\/v2\/posts\/1115\/revisions\/1117"}],"wp:featuredmedia":[{"embeddable":true,"href":"https:\/\/anbpr.org.ro\/index.php\/wp-json\/wp\/v2\/media\/1116"}],"wp:attachment":[{"href":"https:\/\/anbpr.org.ro\/index.php\/wp-json\/wp\/v2\/media?parent=1115"}],"wp:term":[{"taxonomy":"category","embeddable":true,"href":"https:\/\/anbpr.org.ro\/index.php\/wp-json\/wp\/v2\/categories?post=1115"},{"taxonomy":"post_tag","embeddable":true,"href":"https:\/\/anbpr.org.ro\/index.php\/wp-json\/wp\/v2\/tags?post=1115"}],"curies":[{"name":"wp","href":"https:\/\/api.w.org\/{rel}","templated":true}]}}