{"id":1219,"date":"2014-08-13T09:29:38","date_gmt":"2014-08-13T06:29:38","guid":{"rendered":"http:\/\/anbpr.s-a-f.ro\/?p=1219"},"modified":"2017-03-24T09:31:09","modified_gmt":"2017-03-24T07:31:09","slug":"conferinta-nationala-a-anbpr-biblionext-bibliotecile-publice-motorul-dezvoltarii-durabile-a-comunitatilor","status":"publish","type":"post","link":"https:\/\/anbpr.org.ro\/index.php\/conferinta-nationala-a-anbpr-biblionext-bibliotecile-publice-motorul-dezvoltarii-durabile-a-comunitatilor\/","title":{"rendered":"Conferin\u0163a Na\u0163ional\u0103 a ANBPR BIBLIONEXT \u2013 bibliotecile publice \u2013 motorul dezvolt\u0103rii durabile a comunit\u0103\u0163ilor"},"content":{"rendered":"<div id='share-me'><ul class='share-left'><li><a href=\"http:\/\/www.facebook.com\/sharer.php?u=https:\/\/anbpr.org.ro\/index.php\/conferinta-nationala-a-anbpr-biblionext-bibliotecile-publice-motorul-dezvoltarii-durabile-a-comunitatilor\/&t=Conferin%C5%A3a+Na%C5%A3ional%C4%83+a+ANBPR+BIBLIONEXT+%E2%80%93+bibliotecile+publice+%E2%80%93+motorul+dezvolt%C4%83rii+durabile+a+comunit%C4%83%C5%A3ilor\" alt=\"Share on Facebook\" title=\"Share on Facebook\"   onclick=\"return smWindowpop(this.href,545,433)\"><img alt = \"\" src = \"https:\/\/anbpr.org.ro\/wp-content\/plugins\/share-me\/\/assets\/images\/cercle\/facebook.png\"  height=\"32px\"  width=\"32px\"><\/a><\/li><li><a href=\"http:\/\/twitter.com\/share?text=Conferin%C5%A3a+Na%C5%A3ional%C4%83+a+ANBPR+BIBLIONEXT+%E2%80%93+bibliotecile+publice+%E2%80%93+motorul+dezvolt%C4%83rii+durabile+a+comunit%C4%83%C5%A3ilor-&url=https:\/\/anbpr.org.ro\/index.php\/conferinta-nationala-a-anbpr-biblionext-bibliotecile-publice-motorul-dezvoltarii-durabile-a-comunitatilor\/&via=ANBPR - Asocia\u021bia Na\u021bional\u0103  a Bibliotecarilor \u0219i Bibliotecilor Publice din Rom\u00e2nia\" alt=\"Tweet This Post\" title=\"Tweet This Post\"  onclick=\"return smWindowpop(this.href,545,433)\"><img alt = \"\" src = \"https:\/\/anbpr.org.ro\/wp-content\/plugins\/share-me\/\/assets\/images\/cercle\/twitter.png\"  height=\"32px\"  width=\"32px\"><\/a><\/li><li><a href=\"https:\/\/plusone.google.com\/_\/+1\/confirm?hl=fr-FR&url=https:\/\/anbpr.org.ro\/index.php\/conferinta-nationala-a-anbpr-biblionext-bibliotecile-publice-motorul-dezvoltarii-durabile-a-comunitatilor\/\" alt=\"Share on Google+\" title=\"Share on Google+\"  target=\"_blank\" onclick=\"return smWindowpop(this.href,545,433)\"><img alt = \"\" src = \"https:\/\/anbpr.org.ro\/wp-content\/plugins\/share-me\/\/assets\/images\/cercle\/googleplus.png\"  height=\"32px\"  width=\"32px\"><\/a><\/li><li><a href=\"http:\/\/www.tumblr.com\/share\/photo?source=https%3A%2F%2Fanbpr.org.ro%2Fwp-content%2Fuploads%2F2017%2F03%2F2013-11-28-10_240_160.jpg&caption=Conferin%C5%A3a+Na%C5%A3ional%C4%83+a+ANBPR+BIBLIONEXT+%E2%80%93+bibliotecile+publice+%E2%80%93+motorul+dezvolt%C4%83rii+durabile+a+comunit%C4%83%C5%A3ilor&clickthru=https%3A%2F%2Fanbpr.org.ro%2Findex.php%2Fconferinta-nationala-a-anbpr-biblionext-bibliotecile-publice-motorul-dezvoltarii-durabile-a-comunitatilor%2F\" title=\"Share on Tumblr\"  onclick=\"return smWindowpop(this.href,545,433)\"> <img alt = \"\" src = \"https:\/\/anbpr.org.ro\/wp-content\/plugins\/share-me\/\/assets\/images\/cercle\/tumblr.png\"  height=\"32px\"  width=\"32px\"><\/a><\/li><li><a href=\"http:\/\/www.linkedin.com\/shareArticle?mini=true&url=https:\/\/anbpr.org.ro\/index.php\/conferinta-nationala-a-anbpr-biblionext-bibliotecile-publice-motorul-dezvoltarii-durabile-a-comunitatilor\/&title=Conferin%C5%A3a+Na%C5%A3ional%C4%83+a+ANBPR+BIBLIONEXT+%E2%80%93+bibliotecile+publice+%E2%80%93+motorul+dezvolt%C4%83rii+durabile+a+comunit%C4%83%C5%A3ilor&source=ANBPR - Asocia\u021bia Na\u021bional\u0103  a Bibliotecarilor \u0219i Bibliotecilor Publice din Rom\u00e2nia\" onclick=\"return smWindowpop(this.href, 545,433)\"><img alt = \"\" src = \"https:\/\/anbpr.org.ro\/wp-content\/plugins\/share-me\/\/assets\/images\/cercle\/linkedin.png\"  height=\"32px\"  width=\"32px\"><\/a><\/li><li><a href=\"https:\/\/www.blogger.com\/blog-this.g?u=https:\/\/anbpr.org.ro\/index.php\/conferinta-nationala-a-anbpr-biblionext-bibliotecile-publice-motorul-dezvoltarii-durabile-a-comunitatilor\/&n=Conferin%C5%A3a+Na%C5%A3ional%C4%83+a+ANBPR+BIBLIONEXT+%E2%80%93+bibliotecile+publice+%E2%80%93+motorul+dezvolt%C4%83rii+durabile+a+comunit%C4%83%C5%A3ilor&t=ANBPR - Asocia\u021bia Na\u021bional\u0103  a Bibliotecarilor \u0219i Bibliotecilor Publice din Rom\u00e2nia\" alt=\"Share on Blogger\" title=\"Share on Blogger\" onclick=\"return smWindowpop(this.href, 545,433)\"><img alt = \"\" src = \"https:\/\/anbpr.org.ro\/wp-content\/plugins\/share-me\/\/assets\/images\/cercle\/blogger.png\"  height=\"32px\"  width=\"32px\"><\/a><\/li><\/ul><\/div><br\/><p>\u00cen acest an, Conferin\u0163a Na\u0163ional\u0103 de toamn\u0103 a ANBPR se va desf\u0103\u015fura la T\u00e2rgu Jiu, jude\u021bul Gorj, \u00een perioada 08-11 octombrie 2014, cu sprijinul \u0219i \u00een coordonarea Bibliotecii Jude\u0163ene \u201eChristian Tell\u201d.<\/p>\n<p>\u00cen Agenda Conferin\u021bei ve\u021bi putea reg\u0103si prezent\u0103ri \u00een plen de maxim\u0103 actualitate, precum \u0219i ateliere tematice ce se vor desf\u0103\u0219ura \u00een paralel. \u00centre acestea enumer\u0103m:<\/p>\n<p>&#8211; <strong>BiblioNEXT \u2013 Biblioteci \u00een ac\u0163iune!<\/strong> \u2013 servicii, proiecte ale bibliotecilor jude\u0163ene care au contribuit la dezvoltarea comunit\u0103\u0163ilor, profesioni\u015ftii care au produs schimbarea percep\u0163iei \u00een comunitate, impactul serviciilor \u015fi proiectelor \u00een comunitate;<\/p>\n<p>&#8211; <strong>Creatorii de oferte<\/strong> \u2013 ateliere desf\u0103\u015furate \u00een paralel (idei pentru dezvoltarea serviciilor bibliotecilor \u2013 externi mediului);<\/p>\n<p>&#8211; <strong>Miza pe inova\u0163ie<\/strong> \u2013 ateliere desf\u0103\u015furate \u00een paralel \u2013 metode inovative de dezvoltare a bibliotecilor publice(servicii, proiecte, promovare &#8211; t\u00e2rguri, public, finan\u0163\u0103ri);<\/p>\n<p>&#8211; <strong>Lumea construit\u0103 de bibliotecari<\/strong> \u2013 prezent\u0103ri \u00een plen pentru proiectele \u015fi serviciile bibliotecilor publice din mediul rural \u015fi mic urban care au contribuit la dezvoltarea comunit\u0103\u0163ilor, profesioni\u015ftii care au produs schimbarea percep\u0163iei \u00een comunitate, impactul serviciilor \u015fi proiectelor \u00een comunitate;<\/p>\n<p>&#8211; <strong>Bibliotecile publice \u2013 multiplicator de informa\u0163ie european\u0103<\/strong> \u2013 \u00a0Prezentarea Re\u0163elei Europe Direct Rom\u00e2nia \u00a0&#8211; Centrele Europe Direct din bibliotecile publice;<\/p>\n<p>&#8211; <strong>Dezvoltatorii de vise<\/strong> \u2013 Ateliere \u00een paralel \u2013 idei, propuneri, produse pentru impactul serviciilor bibliotecilor, formarea continu\u0103 a bibliotecarilor \u015fi comunit\u0103\u0163ii;<\/p>\n<p>&#8211; <strong>Provoac\u0103 imposibilul!<\/strong> \u2013 Ateliere \u00een paralel \u2013 idei, bune practici care aduc plus-valoare serviciilor bibliotecilor publice transform\u00e2nd imposibilul \u00een realitate palpabil\u0103.<\/p>\n<p>V\u0103 a\u0219tept\u0103m al\u0103turi de noi!<\/p>\n","protected":false},"excerpt":{"rendered":"<p>\u00cen acest an, Conferin\u0163a Na\u0163ional\u0103 de toamn\u0103 a ANBPR se va desf\u0103\u015fura la T\u00e2rgu Jiu, jude\u021bul Gorj, \u00een perioada 08-11 octombrie 2014, cu sprijinul \u0219i \u00een coordonarea Bibliotecii Jude\u0163ene \u201eChristian Tell\u201d. \u00cen Agenda Conferin\u021bei ve\u021bi putea reg\u0103si prezent\u0103ri \u00een plen de maxim\u0103 actualitate, precum \u0219i ateliere tematice ce se vor desf\u0103\u0219ura \u00een paralel. \u00centre acestea <a href=\"https:\/\/anbpr.org.ro\/index.php\/conferinta-nationala-a-anbpr-biblionext-bibliotecile-publice-motorul-dezvoltarii-durabile-a-comunitatilor\/\" rel=\"nofollow\"><span class=\"sr-only\">Read more about Conferin\u0163a Na\u0163ional\u0103 a ANBPR BIBLIONEXT \u2013 bibliotecile publice \u2013 motorul dezvolt\u0103rii durabile a comunit\u0103\u0163ilor<\/span>[&hellip;]<\/a><\/p>\n","protected":false},"author":2,"featured_media":1220,"comment_status":"open","ping_status":"open","sticky":false,"template":"","format":"standard","meta":{"footnotes":""},"categories":[32,6,23,5],"tags":[],"class_list":["post-1219","post","type-post","status-publish","format-standard","has-post-thumbnail","hentry","category-ateliere","category-conferinte","category-conferintele-anbpr","category-stiri"],"wppr_data":{"cwp_meta_box_check":"No"},"_links":{"self":[{"href":"https:\/\/anbpr.org.ro\/index.php\/wp-json\/wp\/v2\/posts\/1219","targetHints":{"allow":["GET"]}}],"collection":[{"href":"https:\/\/anbpr.org.ro\/index.php\/wp-json\/wp\/v2\/posts"}],"about":[{"href":"https:\/\/anbpr.org.ro\/index.php\/wp-json\/wp\/v2\/types\/post"}],"author":[{"embeddable":true,"href":"https:\/\/anbpr.org.ro\/index.php\/wp-json\/wp\/v2\/users\/2"}],"replies":[{"embeddable":true,"href":"https:\/\/anbpr.org.ro\/index.php\/wp-json\/wp\/v2\/comments?post=1219"}],"version-history":[{"count":1,"href":"https:\/\/anbpr.org.ro\/index.php\/wp-json\/wp\/v2\/posts\/1219\/revisions"}],"predecessor-version":[{"id":1221,"href":"https:\/\/anbpr.org.ro\/index.php\/wp-json\/wp\/v2\/posts\/1219\/revisions\/1221"}],"wp:featuredmedia":[{"embeddable":true,"href":"https:\/\/anbpr.org.ro\/index.php\/wp-json\/wp\/v2\/media\/1220"}],"wp:attachment":[{"href":"https:\/\/anbpr.org.ro\/index.php\/wp-json\/wp\/v2\/media?parent=1219"}],"wp:term":[{"taxonomy":"category","embeddable":true,"href":"https:\/\/anbpr.org.ro\/index.php\/wp-json\/wp\/v2\/categories?post=1219"},{"taxonomy":"post_tag","embeddable":true,"href":"https:\/\/anbpr.org.ro\/index.php\/wp-json\/wp\/v2\/tags?post=1219"}],"curies":[{"name":"wp","href":"https:\/\/api.w.org\/{rel}","templated":true}]}}