{"id":1315,"date":"2014-04-17T11:00:44","date_gmt":"2014-04-17T08:00:44","guid":{"rendered":"http:\/\/anbpr.s-a-f.ro\/?p=1315"},"modified":"2017-03-24T11:02:04","modified_gmt":"2017-03-24T09:02:04","slug":"ziua-bibliotecarului-2014-moment-festiv-si-prilej-de-celebrare-a-profesiei","status":"publish","type":"post","link":"https:\/\/anbpr.org.ro\/index.php\/ziua-bibliotecarului-2014-moment-festiv-si-prilej-de-celebrare-a-profesiei\/","title":{"rendered":"Ziua Bibliotecarului 2014 &#8211; moment festiv \u0219i prilej de celebrare a profesiei"},"content":{"rendered":"<div id='share-me'><ul class='share-left'><li><a href=\"http:\/\/www.facebook.com\/sharer.php?u=https:\/\/anbpr.org.ro\/index.php\/ziua-bibliotecarului-2014-moment-festiv-si-prilej-de-celebrare-a-profesiei\/&t=Ziua+Bibliotecarului+2014+%26%238211%3B+moment+festiv+%C8%99i+prilej+de+celebrare+a+profesiei\" alt=\"Share on Facebook\" title=\"Share on Facebook\"   onclick=\"return smWindowpop(this.href,545,433)\"><img alt = \"\" src = \"https:\/\/anbpr.org.ro\/wp-content\/plugins\/share-me\/\/assets\/images\/cercle\/facebook.png\"  height=\"32px\"  width=\"32px\"><\/a><\/li><li><a href=\"http:\/\/twitter.com\/share?text=Ziua+Bibliotecarului+2014+%26%238211%3B+moment+festiv+%C8%99i+prilej+de+celebrare+a+profesiei-&url=https:\/\/anbpr.org.ro\/index.php\/ziua-bibliotecarului-2014-moment-festiv-si-prilej-de-celebrare-a-profesiei\/&via=ANBPR - Asocia\u021bia Na\u021bional\u0103  a Bibliotecarilor \u0219i Bibliotecilor Publice din Rom\u00e2nia\" alt=\"Tweet This Post\" title=\"Tweet This Post\"  onclick=\"return smWindowpop(this.href,545,433)\"><img alt = \"\" src = \"https:\/\/anbpr.org.ro\/wp-content\/plugins\/share-me\/\/assets\/images\/cercle\/twitter.png\"  height=\"32px\"  width=\"32px\"><\/a><\/li><li><a href=\"https:\/\/plusone.google.com\/_\/+1\/confirm?hl=fr-FR&url=https:\/\/anbpr.org.ro\/index.php\/ziua-bibliotecarului-2014-moment-festiv-si-prilej-de-celebrare-a-profesiei\/\" alt=\"Share on Google+\" title=\"Share on Google+\"  target=\"_blank\" onclick=\"return smWindowpop(this.href,545,433)\"><img alt = \"\" src = \"https:\/\/anbpr.org.ro\/wp-content\/plugins\/share-me\/\/assets\/images\/cercle\/googleplus.png\"  height=\"32px\"  width=\"32px\"><\/a><\/li><li><a href=\"http:\/\/www.tumblr.com\/share\/photo?source=https%3A%2F%2Fanbpr.org.ro%2Fwp-content%2Fuploads%2F2017%2F03%2Ffelicitare_ziua_bibliotecarului_240_160.jpg&caption=Ziua+Bibliotecarului+2014+%26%238211%3B+moment+festiv+%C8%99i+prilej+de+celebrare+a+profesiei&clickthru=https%3A%2F%2Fanbpr.org.ro%2Findex.php%2Fziua-bibliotecarului-2014-moment-festiv-si-prilej-de-celebrare-a-profesiei%2F\" title=\"Share on Tumblr\"  onclick=\"return smWindowpop(this.href,545,433)\"> <img alt = \"\" src = \"https:\/\/anbpr.org.ro\/wp-content\/plugins\/share-me\/\/assets\/images\/cercle\/tumblr.png\"  height=\"32px\"  width=\"32px\"><\/a><\/li><li><a href=\"http:\/\/www.linkedin.com\/shareArticle?mini=true&url=https:\/\/anbpr.org.ro\/index.php\/ziua-bibliotecarului-2014-moment-festiv-si-prilej-de-celebrare-a-profesiei\/&title=Ziua+Bibliotecarului+2014+%26%238211%3B+moment+festiv+%C8%99i+prilej+de+celebrare+a+profesiei&source=ANBPR - Asocia\u021bia Na\u021bional\u0103  a Bibliotecarilor \u0219i Bibliotecilor Publice din Rom\u00e2nia\" onclick=\"return smWindowpop(this.href, 545,433)\"><img alt = \"\" src = \"https:\/\/anbpr.org.ro\/wp-content\/plugins\/share-me\/\/assets\/images\/cercle\/linkedin.png\"  height=\"32px\"  width=\"32px\"><\/a><\/li><li><a href=\"https:\/\/www.blogger.com\/blog-this.g?u=https:\/\/anbpr.org.ro\/index.php\/ziua-bibliotecarului-2014-moment-festiv-si-prilej-de-celebrare-a-profesiei\/&n=Ziua+Bibliotecarului+2014+%26%238211%3B+moment+festiv+%C8%99i+prilej+de+celebrare+a+profesiei&t=ANBPR - Asocia\u021bia Na\u021bional\u0103  a Bibliotecarilor \u0219i Bibliotecilor Publice din Rom\u00e2nia\" alt=\"Share on Blogger\" title=\"Share on Blogger\" onclick=\"return smWindowpop(this.href, 545,433)\"><img alt = \"\" src = \"https:\/\/anbpr.org.ro\/wp-content\/plugins\/share-me\/\/assets\/images\/cercle\/blogger.png\"  height=\"32px\"  width=\"32px\"><\/a><\/li><\/ul><\/div><br\/><div>Data de 23 Aprilie marcheaz\u0103 at\u00e2t Ziua mondial\u0103 a c\u0103r\u0163ii \u015fi a dreptului de autor, c\u00e2t \u0219i \u00a0Ziua bibliotecarului din Rom\u00e2nia.<\/div>\n<div>\n<div><\/div>\n<div>Cele dou\u0103 evenimente au \u00een centrul preocup\u0103rilor cartea, ca instrument esen\u021bial de \u00eenv\u0103\u021bare \u0219i culturalizare, dar \u0219i bibliotecarul, ca profesionist \u00a0dedicat al acestui domeniu cultural.<\/div>\n<div><\/div>\n<div>ANBPR adreseaz\u0103 colegilor bibliotecari cele mai bune ur\u0103ri \u0219i \u00eendemnul de a r\u0103m\u00e2ne fideli misiunii \u0219i voca\u021biei lor nobile.<\/div>\n<\/div>\n<div><\/div>\n","protected":false},"excerpt":{"rendered":"<p>Data de 23 Aprilie marcheaz\u0103 at\u00e2t Ziua mondial\u0103 a c\u0103r\u0163ii \u015fi a dreptului de autor, c\u00e2t \u0219i \u00a0Ziua bibliotecarului din Rom\u00e2nia. Cele dou\u0103 evenimente au \u00een centrul preocup\u0103rilor cartea, ca instrument esen\u021bial de \u00eenv\u0103\u021bare \u0219i culturalizare, dar \u0219i bibliotecarul, ca profesionist \u00a0dedicat al acestui domeniu cultural. ANBPR adreseaz\u0103 colegilor bibliotecari cele mai bune ur\u0103ri \u0219i <a href=\"https:\/\/anbpr.org.ro\/index.php\/ziua-bibliotecarului-2014-moment-festiv-si-prilej-de-celebrare-a-profesiei\/\" rel=\"nofollow\"><span class=\"sr-only\">Read more about Ziua Bibliotecarului 2014 &#8211; moment festiv \u0219i prilej de celebrare a profesiei<\/span>[&hellip;]<\/a><\/p>\n","protected":false},"author":2,"featured_media":1316,"comment_status":"open","ping_status":"open","sticky":false,"template":"","format":"standard","meta":{"footnotes":""},"categories":[29,5],"tags":[],"class_list":["post-1315","post","type-post","status-publish","format-standard","has-post-thumbnail","hentry","category-evenimente","category-stiri"],"wppr_data":{"cwp_meta_box_check":"No"},"_links":{"self":[{"href":"https:\/\/anbpr.org.ro\/index.php\/wp-json\/wp\/v2\/posts\/1315","targetHints":{"allow":["GET"]}}],"collection":[{"href":"https:\/\/anbpr.org.ro\/index.php\/wp-json\/wp\/v2\/posts"}],"about":[{"href":"https:\/\/anbpr.org.ro\/index.php\/wp-json\/wp\/v2\/types\/post"}],"author":[{"embeddable":true,"href":"https:\/\/anbpr.org.ro\/index.php\/wp-json\/wp\/v2\/users\/2"}],"replies":[{"embeddable":true,"href":"https:\/\/anbpr.org.ro\/index.php\/wp-json\/wp\/v2\/comments?post=1315"}],"version-history":[{"count":2,"href":"https:\/\/anbpr.org.ro\/index.php\/wp-json\/wp\/v2\/posts\/1315\/revisions"}],"predecessor-version":[{"id":1318,"href":"https:\/\/anbpr.org.ro\/index.php\/wp-json\/wp\/v2\/posts\/1315\/revisions\/1318"}],"wp:featuredmedia":[{"embeddable":true,"href":"https:\/\/anbpr.org.ro\/index.php\/wp-json\/wp\/v2\/media\/1316"}],"wp:attachment":[{"href":"https:\/\/anbpr.org.ro\/index.php\/wp-json\/wp\/v2\/media?parent=1315"}],"wp:term":[{"taxonomy":"category","embeddable":true,"href":"https:\/\/anbpr.org.ro\/index.php\/wp-json\/wp\/v2\/categories?post=1315"},{"taxonomy":"post_tag","embeddable":true,"href":"https:\/\/anbpr.org.ro\/index.php\/wp-json\/wp\/v2\/tags?post=1315"}],"curies":[{"name":"wp","href":"https:\/\/api.w.org\/{rel}","templated":true}]}}