{"id":2017,"date":"2018-04-16T11:24:19","date_gmt":"2018-04-16T08:24:19","guid":{"rendered":"http:\/\/anbpr.org.ro\/?p=2017"},"modified":"2018-04-16T15:26:04","modified_gmt":"2018-04-16T12:26:04","slug":"saptamana-nationala-a-bibliotecilor-prilej-de-sarbatoare-si-manifestari-culturale-inedite-in-bibliotecile-din-romania","status":"publish","type":"post","link":"https:\/\/anbpr.org.ro\/index.php\/saptamana-nationala-a-bibliotecilor-prilej-de-sarbatoare-si-manifestari-culturale-inedite-in-bibliotecile-din-romania\/","title":{"rendered":"S\u0103pt\u0103m\u00e2na Na\u021bional\u0103 a Bibliotecilor \u2013 prilej de s\u0103rb\u0103toare \u0219i manifest\u0103ri culturale inedite \u00een bibliotecile din Rom\u00e2nia"},"content":{"rendered":"<div id='share-me'><ul class='share-left'><li><a href=\"http:\/\/www.facebook.com\/sharer.php?u=https:\/\/anbpr.org.ro\/index.php\/saptamana-nationala-a-bibliotecilor-prilej-de-sarbatoare-si-manifestari-culturale-inedite-in-bibliotecile-din-romania\/&t=S%C4%83pt%C4%83m%C3%A2na+Na%C8%9Bional%C4%83+a+Bibliotecilor+%E2%80%93+prilej+de+s%C4%83rb%C4%83toare+%C8%99i+manifest%C4%83ri+culturale+inedite+%C3%AEn+bibliotecile+din+Rom%C3%A2nia\" alt=\"Share on Facebook\" title=\"Share on Facebook\"   onclick=\"return smWindowpop(this.href,545,433)\"><img alt = \"\" src = \"https:\/\/anbpr.org.ro\/wp-content\/plugins\/share-me\/\/assets\/images\/cercle\/facebook.png\"  height=\"32px\"  width=\"32px\"><\/a><\/li><li><a href=\"http:\/\/twitter.com\/share?text=S%C4%83pt%C4%83m%C3%A2na+Na%C8%9Bional%C4%83+a+Bibliotecilor+%E2%80%93+prilej+de+s%C4%83rb%C4%83toare+%C8%99i+manifest%C4%83ri+culturale+inedite+%C3%AEn+bibliotecile+din+Rom%C3%A2nia-&url=https:\/\/anbpr.org.ro\/index.php\/saptamana-nationala-a-bibliotecilor-prilej-de-sarbatoare-si-manifestari-culturale-inedite-in-bibliotecile-din-romania\/&via=ANBPR - Asocia\u021bia Na\u021bional\u0103  a Bibliotecarilor \u0219i Bibliotecilor Publice din Rom\u00e2nia\" alt=\"Tweet This Post\" title=\"Tweet This Post\"  onclick=\"return smWindowpop(this.href,545,433)\"><img alt = \"\" src = \"https:\/\/anbpr.org.ro\/wp-content\/plugins\/share-me\/\/assets\/images\/cercle\/twitter.png\"  height=\"32px\"  width=\"32px\"><\/a><\/li><li><a href=\"https:\/\/plusone.google.com\/_\/+1\/confirm?hl=fr-FR&url=https:\/\/anbpr.org.ro\/index.php\/saptamana-nationala-a-bibliotecilor-prilej-de-sarbatoare-si-manifestari-culturale-inedite-in-bibliotecile-din-romania\/\" alt=\"Share on Google+\" title=\"Share on Google+\"  target=\"_blank\" onclick=\"return smWindowpop(this.href,545,433)\"><img alt = \"\" src = \"https:\/\/anbpr.org.ro\/wp-content\/plugins\/share-me\/\/assets\/images\/cercle\/googleplus.png\"  height=\"32px\"  width=\"32px\"><\/a><\/li><li><a href=\"http:\/\/www.tumblr.com\/share\/photo?source=&caption=S%C4%83pt%C4%83m%C3%A2na+Na%C8%9Bional%C4%83+a+Bibliotecilor+%E2%80%93+prilej+de+s%C4%83rb%C4%83toare+%C8%99i+manifest%C4%83ri+culturale+inedite+%C3%AEn+bibliotecile+din+Rom%C3%A2nia&clickthru=https%3A%2F%2Fanbpr.org.ro%2Findex.php%2Fsaptamana-nationala-a-bibliotecilor-prilej-de-sarbatoare-si-manifestari-culturale-inedite-in-bibliotecile-din-romania%2F\" title=\"Share on Tumblr\"  onclick=\"return smWindowpop(this.href,545,433)\"> <img alt = \"\" src = \"https:\/\/anbpr.org.ro\/wp-content\/plugins\/share-me\/\/assets\/images\/cercle\/tumblr.png\"  height=\"32px\"  width=\"32px\"><\/a><\/li><li><a href=\"http:\/\/www.linkedin.com\/shareArticle?mini=true&url=https:\/\/anbpr.org.ro\/index.php\/saptamana-nationala-a-bibliotecilor-prilej-de-sarbatoare-si-manifestari-culturale-inedite-in-bibliotecile-din-romania\/&title=S%C4%83pt%C4%83m%C3%A2na+Na%C8%9Bional%C4%83+a+Bibliotecilor+%E2%80%93+prilej+de+s%C4%83rb%C4%83toare+%C8%99i+manifest%C4%83ri+culturale+inedite+%C3%AEn+bibliotecile+din+Rom%C3%A2nia&source=ANBPR - Asocia\u021bia Na\u021bional\u0103  a Bibliotecarilor \u0219i Bibliotecilor Publice din Rom\u00e2nia\" onclick=\"return smWindowpop(this.href, 545,433)\"><img alt = \"\" src = \"https:\/\/anbpr.org.ro\/wp-content\/plugins\/share-me\/\/assets\/images\/cercle\/linkedin.png\"  height=\"32px\"  width=\"32px\"><\/a><\/li><li><a href=\"https:\/\/www.blogger.com\/blog-this.g?u=https:\/\/anbpr.org.ro\/index.php\/saptamana-nationala-a-bibliotecilor-prilej-de-sarbatoare-si-manifestari-culturale-inedite-in-bibliotecile-din-romania\/&n=S%C4%83pt%C4%83m%C3%A2na+Na%C8%9Bional%C4%83+a+Bibliotecilor+%E2%80%93+prilej+de+s%C4%83rb%C4%83toare+%C8%99i+manifest%C4%83ri+culturale+inedite+%C3%AEn+bibliotecile+din+Rom%C3%A2nia&t=ANBPR - Asocia\u021bia Na\u021bional\u0103  a Bibliotecarilor \u0219i Bibliotecilor Publice din Rom\u00e2nia\" alt=\"Share on Blogger\" title=\"Share on Blogger\" onclick=\"return smWindowpop(this.href, 545,433)\"><img alt = \"\" src = \"https:\/\/anbpr.org.ro\/wp-content\/plugins\/share-me\/\/assets\/images\/cercle\/blogger.png\"  height=\"32px\"  width=\"32px\"><\/a><\/li><\/ul><\/div><br\/><p><strong><img loading=\"lazy\" decoding=\"async\" class=\"size-medium wp-image-2019 alignleft\" src=\"http:\/\/anbpr.org.ro\/wp-content\/uploads\/2018\/04\/Library-1-300x200.jpg\" alt=\"\" width=\"300\" height=\"200\" srcset=\"https:\/\/anbpr.org.ro\/wp-content\/uploads\/2018\/04\/Library-1-300x200.jpg 300w, https:\/\/anbpr.org.ro\/wp-content\/uploads\/2018\/04\/Library-1-768x512.jpg 768w, https:\/\/anbpr.org.ro\/wp-content\/uploads\/2018\/04\/Library-1.jpg 1024w, https:\/\/anbpr.org.ro\/wp-content\/uploads\/2018\/04\/Library-1-750x500.jpg 750w\" sizes=\"auto, (max-width: 300px) 100vw, 300px\" \/><\/strong><\/p>\n<p><strong>Bucure\u015fti, 16 aprilie 2018<\/strong> <strong>\u2013<\/strong> Perioada cuprins\u0103 \u00eentre 23-29 aprilie marcheaz\u0103, \u00een acest an, \u00een Rom\u00e2nia, S\u0103pt\u00e2m\u00e2na Na\u021bional\u0103 a Bibliotecilor. Intervalul dedicat celebr\u0103rii rolului \u0219i importan\u021bei bibliotecilor la nivel na\u021bional culmineaz\u0103 cu Ziua Na\u021bional\u0103 a Bibliotecarului, serbat\u0103 \u00een mod tradi\u021bional la 23 aprilie.<\/p>\n<p>Aceast\u0103 s\u0103rb\u0103toare a bibliotecilor coincide, \u00een mod fericit, cu Ziua Interna\u021bional\u0103 a C\u0103r\u021bii \u0219i a Drepturilor de Autor, recunoscut\u0103, la nivel interna\u021bional, de c\u0103tre UNESCO, ca fiind ziua promov\u0103rii lecturii, public\u0103rii \u0219i a drepturilor de autor.<\/p>\n<p>An de an, pe toat\u0103 durata S\u0103pt\u00e2m\u00e2nii Na\u021bionale a Bibliotecilor, biblioteca devine spa\u021biul unde cititorii pot lua parte la o suit\u0103 \u00eentreag\u0103 de activit\u0103\u021bi culturale, lans\u0103ri de carte, dezbateri, expozi\u021bii, mese rotunde, sesiuni de lecturi publice, \u00eent\u00e2lniri cu autori etc., menite s\u0103 aduc\u0103 \u00een aten\u021bia publicului importan\u021ba bibliotecilor \u0219i implicarea acestor institu\u021bii \u00een promovarea culturii de calitate \u0219i a educa\u021biei prin cultur\u0103.<\/p>\n<p><em>\u201c\u00cen func\u021bie de agendele personalizate ale bibliotecilor, \u00een aceast\u0103 perioad\u0103 festiv\u0103 sunt programate, de asemenea, o serie de manifest\u0103ri profesionale, dedicate bibliotecarilor \u0219i personalului auxiliar din biblioteci. Ne propunem s\u0103 cre\u0103m contextul pentru recunoa\u0219terea celor mai activi \u0219i dedica\u021bi profesioni\u0219ti bibliotecari din sistemul public, s\u0103 aducem \u00een discu\u021bie rolul acestora \u00een cultivarea utilizatorilor, precum \u0219i \u00een stimularea ini\u021biativelor culturale cu sprijinul comunit\u0103\u021bii. Asocia\u021bia Na\u021bional\u0103 a Bibliotecarilor \u0219i Bibliotecilor Publice din Rom\u00e2nia \u2013 ANBPR pledeaz\u0103 pentru o re\u021bea de biblioteci dinamice \u0219i implicate, care s\u0103 aib\u0103 un cuv\u00e2nt de spus \u00een viitorul cultural al genera\u021biilor de ast\u0103zi \u0219i al celor ce vor veni\u201d,<\/em> a declarat Sorina Stanca, Pre\u0219edintele ANBPR.<\/p>\n<p>Ziua Na\u021bional\u0103 a Bibliotecarului a fost instituit\u0103 ca s\u0103rb\u0103toare oficial\u0103 prin Hot\u0103r\u00e2rea de Guvern nr. 293 din 14 aprilie 2005, ca urmare a ac\u021biunilor de advocacy \u00eentreprinse \u00een acest scop de c\u0103tre ANBPR. La data de 23 aprilie se comemoreaz\u0103, la nivel interna\u021bional, dispari\u0163ia lui William Shakespeare \u0219i a lui Miguel de Cervantes, personalit\u0103\u021bi de referin\u021b\u0103\u00a0ale culturii universale.<\/p>\n","protected":false},"excerpt":{"rendered":"<p>Bucure\u015fti, 16 aprilie 2018 \u2013 Perioada cuprins\u0103 \u00eentre 23-29 aprilie marcheaz\u0103, \u00een acest an, \u00een Rom\u00e2nia, S\u0103pt\u00e2m\u00e2na Na\u021bional\u0103 a Bibliotecilor. Intervalul dedicat celebr\u0103rii rolului \u0219i importan\u021bei bibliotecilor la nivel na\u021bional culmineaz\u0103 cu Ziua Na\u021bional\u0103 a Bibliotecarului, serbat\u0103 \u00een mod tradi\u021bional la 23 aprilie. Aceast\u0103 s\u0103rb\u0103toare a bibliotecilor coincide, \u00een mod fericit, cu Ziua Interna\u021bional\u0103 a <a href=\"https:\/\/anbpr.org.ro\/index.php\/saptamana-nationala-a-bibliotecilor-prilej-de-sarbatoare-si-manifestari-culturale-inedite-in-bibliotecile-din-romania\/\" rel=\"nofollow\"><span class=\"sr-only\">Read more about S\u0103pt\u0103m\u00e2na Na\u021bional\u0103 a Bibliotecilor \u2013 prilej de s\u0103rb\u0103toare \u0219i manifest\u0103ri culturale inedite \u00een bibliotecile din Rom\u00e2nia<\/span>[&hellip;]<\/a><\/p>\n","protected":false},"author":3,"featured_media":0,"comment_status":"open","ping_status":"open","sticky":false,"template":"","format":"standard","meta":{"footnotes":""},"categories":[36,14,5],"tags":[],"class_list":["post-2017","post","type-post","status-publish","format-standard","hentry","category-anunturi","category-campanii","category-stiri"],"wppr_data":{"cwp_meta_box_check":"No"},"_links":{"self":[{"href":"https:\/\/anbpr.org.ro\/index.php\/wp-json\/wp\/v2\/posts\/2017","targetHints":{"allow":["GET"]}}],"collection":[{"href":"https:\/\/anbpr.org.ro\/index.php\/wp-json\/wp\/v2\/posts"}],"about":[{"href":"https:\/\/anbpr.org.ro\/index.php\/wp-json\/wp\/v2\/types\/post"}],"author":[{"embeddable":true,"href":"https:\/\/anbpr.org.ro\/index.php\/wp-json\/wp\/v2\/users\/3"}],"replies":[{"embeddable":true,"href":"https:\/\/anbpr.org.ro\/index.php\/wp-json\/wp\/v2\/comments?post=2017"}],"version-history":[{"count":2,"href":"https:\/\/anbpr.org.ro\/index.php\/wp-json\/wp\/v2\/posts\/2017\/revisions"}],"predecessor-version":[{"id":2021,"href":"https:\/\/anbpr.org.ro\/index.php\/wp-json\/wp\/v2\/posts\/2017\/revisions\/2021"}],"wp:attachment":[{"href":"https:\/\/anbpr.org.ro\/index.php\/wp-json\/wp\/v2\/media?parent=2017"}],"wp:term":[{"taxonomy":"category","embeddable":true,"href":"https:\/\/anbpr.org.ro\/index.php\/wp-json\/wp\/v2\/categories?post=2017"},{"taxonomy":"post_tag","embeddable":true,"href":"https:\/\/anbpr.org.ro\/index.php\/wp-json\/wp\/v2\/tags?post=2017"}],"curies":[{"name":"wp","href":"https:\/\/api.w.org\/{rel}","templated":true}]}}