{"id":2044,"date":"2018-05-11T12:46:52","date_gmt":"2018-05-11T09:46:52","guid":{"rendered":"http:\/\/anbpr.org.ro\/?p=2044"},"modified":"2018-07-18T19:53:53","modified_gmt":"2018-07-18T16:53:53","slug":"anunt-privind-convocarea-adunarii-generale-extraordinare-a-anbpr","status":"publish","type":"post","link":"https:\/\/anbpr.org.ro\/index.php\/anunt-privind-convocarea-adunarii-generale-extraordinare-a-anbpr\/","title":{"rendered":"Anun\u021b privind convocarea Adun\u0103rii Generale Extraordinare a ANBPR"},"content":{"rendered":"<div id='share-me'><ul class='share-left'><li><a href=\"http:\/\/www.facebook.com\/sharer.php?u=https:\/\/anbpr.org.ro\/index.php\/anunt-privind-convocarea-adunarii-generale-extraordinare-a-anbpr\/&t=Anun%C8%9B+privind+convocarea+Adun%C4%83rii+Generale+Extraordinare+a+ANBPR\" alt=\"Share on Facebook\" title=\"Share on Facebook\"   onclick=\"return smWindowpop(this.href,545,433)\"><img alt = \"\" src = \"https:\/\/anbpr.org.ro\/wp-content\/plugins\/share-me\/\/assets\/images\/cercle\/facebook.png\"  height=\"32px\"  width=\"32px\"><\/a><\/li><li><a href=\"http:\/\/twitter.com\/share?text=Anun%C8%9B+privind+convocarea+Adun%C4%83rii+Generale+Extraordinare+a+ANBPR-&url=https:\/\/anbpr.org.ro\/index.php\/anunt-privind-convocarea-adunarii-generale-extraordinare-a-anbpr\/&via=ANBPR - Asocia\u021bia Na\u021bional\u0103  a Bibliotecarilor \u0219i Bibliotecilor Publice din Rom\u00e2nia\" alt=\"Tweet This Post\" title=\"Tweet This Post\"  onclick=\"return smWindowpop(this.href,545,433)\"><img alt = \"\" src = \"https:\/\/anbpr.org.ro\/wp-content\/plugins\/share-me\/\/assets\/images\/cercle\/twitter.png\"  height=\"32px\"  width=\"32px\"><\/a><\/li><li><a href=\"https:\/\/plusone.google.com\/_\/+1\/confirm?hl=fr-FR&url=https:\/\/anbpr.org.ro\/index.php\/anunt-privind-convocarea-adunarii-generale-extraordinare-a-anbpr\/\" alt=\"Share on Google+\" title=\"Share on Google+\"  target=\"_blank\" onclick=\"return smWindowpop(this.href,545,433)\"><img alt = \"\" src = \"https:\/\/anbpr.org.ro\/wp-content\/plugins\/share-me\/\/assets\/images\/cercle\/googleplus.png\"  height=\"32px\"  width=\"32px\"><\/a><\/li><li><a href=\"http:\/\/www.tumblr.com\/share\/photo?source=https%3A%2F%2Fanbpr.org.ro%2Fwp-content%2Fuploads%2F2018%2F05%2FUniversitatea_George_Bacovia_Bacau.jpg&caption=Anun%C8%9B+privind+convocarea+Adun%C4%83rii+Generale+Extraordinare+a+ANBPR&clickthru=https%3A%2F%2Fanbpr.org.ro%2Findex.php%2Fanunt-privind-convocarea-adunarii-generale-extraordinare-a-anbpr%2F\" title=\"Share on Tumblr\"  onclick=\"return smWindowpop(this.href,545,433)\"> <img alt = \"\" src = \"https:\/\/anbpr.org.ro\/wp-content\/plugins\/share-me\/\/assets\/images\/cercle\/tumblr.png\"  height=\"32px\"  width=\"32px\"><\/a><\/li><li><a href=\"http:\/\/www.linkedin.com\/shareArticle?mini=true&url=https:\/\/anbpr.org.ro\/index.php\/anunt-privind-convocarea-adunarii-generale-extraordinare-a-anbpr\/&title=Anun%C8%9B+privind+convocarea+Adun%C4%83rii+Generale+Extraordinare+a+ANBPR&source=ANBPR - Asocia\u021bia Na\u021bional\u0103  a Bibliotecarilor \u0219i Bibliotecilor Publice din Rom\u00e2nia\" onclick=\"return smWindowpop(this.href, 545,433)\"><img alt = \"\" src = \"https:\/\/anbpr.org.ro\/wp-content\/plugins\/share-me\/\/assets\/images\/cercle\/linkedin.png\"  height=\"32px\"  width=\"32px\"><\/a><\/li><li><a href=\"https:\/\/www.blogger.com\/blog-this.g?u=https:\/\/anbpr.org.ro\/index.php\/anunt-privind-convocarea-adunarii-generale-extraordinare-a-anbpr\/&n=Anun%C8%9B+privind+convocarea+Adun%C4%83rii+Generale+Extraordinare+a+ANBPR&t=ANBPR - Asocia\u021bia Na\u021bional\u0103  a Bibliotecarilor \u0219i Bibliotecilor Publice din Rom\u00e2nia\" alt=\"Share on Blogger\" title=\"Share on Blogger\" onclick=\"return smWindowpop(this.href, 545,433)\"><img alt = \"\" src = \"https:\/\/anbpr.org.ro\/wp-content\/plugins\/share-me\/\/assets\/images\/cercle\/blogger.png\"  height=\"32px\"  width=\"32px\"><\/a><\/li><\/ul><\/div><br\/><p><img loading=\"lazy\" decoding=\"async\" class=\"size-medium wp-image-2046 alignleft\" src=\"http:\/\/anbpr.org.ro\/wp-content\/uploads\/2018\/05\/Universitatea_George_Bacovia_Bacau-300x225.jpg\" alt=\"\" width=\"300\" height=\"225\" srcset=\"https:\/\/anbpr.org.ro\/wp-content\/uploads\/2018\/05\/Universitatea_George_Bacovia_Bacau-300x225.jpg 300w, https:\/\/anbpr.org.ro\/wp-content\/uploads\/2018\/05\/Universitatea_George_Bacovia_Bacau-285x214.jpg 285w, https:\/\/anbpr.org.ro\/wp-content\/uploads\/2018\/05\/Universitatea_George_Bacovia_Bacau.jpg 640w\" sizes=\"auto, (max-width: 300px) 100vw, 300px\" \/>Se convoac\u0103, \u00een data de 17 mai 2018, \u00eencep\u00e2nd cu ora 15.00, Adunarea General\u0103 Extraordinar\u0103 a ANBPR pentru desemnarea reprezentan\u021bilor ANBPR \u00een Comisia Na\u021bional\u0103 a Bibliotecilor.<\/p>\n<p>\u0218edin\u021ba Adun\u0103rii\u00a0Generale Extraordinare se va desf\u0103\u0219ura la Universitatea &#8222;George Bacovia&#8221; din Bac\u0103u, \u00een contextul organiz\u0103rii Conferin\u021bei Interna\u021bionale a ANBPR cu tema\u00a0<strong>\u201eBiblioteca public\u0103 \u2013 solu\u021bii \u0219i perspective \u00een dezvoltarea comunit\u0103\u021bii\u201d.<\/strong><\/p>\n<p>Pentru informa\u021bii suplimentare, v\u0103 rug\u0103m s\u0103 contacta\u021bi pre\u0219edin\u021bii de filiale.<\/p>\n","protected":false},"excerpt":{"rendered":"<p>Se convoac\u0103, \u00een data de 17 mai 2018, \u00eencep\u00e2nd cu ora 15.00, Adunarea General\u0103 Extraordinar\u0103 a ANBPR pentru desemnarea reprezentan\u021bilor ANBPR \u00een Comisia Na\u021bional\u0103 a Bibliotecilor. \u0218edin\u021ba Adun\u0103rii\u00a0Generale Extraordinare se va desf\u0103\u0219ura la Universitatea &#8222;George Bacovia&#8221; din Bac\u0103u, \u00een contextul organiz\u0103rii Conferin\u021bei Interna\u021bionale a ANBPR cu tema\u00a0\u201eBiblioteca public\u0103 \u2013 solu\u021bii \u0219i perspective \u00een dezvoltarea comunit\u0103\u021bii\u201d. <a href=\"https:\/\/anbpr.org.ro\/index.php\/anunt-privind-convocarea-adunarii-generale-extraordinare-a-anbpr\/\" rel=\"nofollow\"><span class=\"sr-only\">Read more about Anun\u021b privind convocarea Adun\u0103rii Generale Extraordinare a ANBPR<\/span>[&hellip;]<\/a><\/p>\n","protected":false},"author":3,"featured_media":2046,"comment_status":"open","ping_status":"open","sticky":false,"template":"","format":"standard","meta":{"footnotes":""},"categories":[16,29,1,24,28,5],"tags":[],"class_list":["post-2044","post","type-post","status-publish","format-standard","has-post-thumbnail","hentry","category-convocare","category-evenimente","category-fara-categorie","category-filiale","category-sedinte","category-stiri"],"wppr_data":{"cwp_meta_box_check":"No"},"_links":{"self":[{"href":"https:\/\/anbpr.org.ro\/index.php\/wp-json\/wp\/v2\/posts\/2044","targetHints":{"allow":["GET"]}}],"collection":[{"href":"https:\/\/anbpr.org.ro\/index.php\/wp-json\/wp\/v2\/posts"}],"about":[{"href":"https:\/\/anbpr.org.ro\/index.php\/wp-json\/wp\/v2\/types\/post"}],"author":[{"embeddable":true,"href":"https:\/\/anbpr.org.ro\/index.php\/wp-json\/wp\/v2\/users\/3"}],"replies":[{"embeddable":true,"href":"https:\/\/anbpr.org.ro\/index.php\/wp-json\/wp\/v2\/comments?post=2044"}],"version-history":[{"count":2,"href":"https:\/\/anbpr.org.ro\/index.php\/wp-json\/wp\/v2\/posts\/2044\/revisions"}],"predecessor-version":[{"id":2047,"href":"https:\/\/anbpr.org.ro\/index.php\/wp-json\/wp\/v2\/posts\/2044\/revisions\/2047"}],"wp:featuredmedia":[{"embeddable":true,"href":"https:\/\/anbpr.org.ro\/index.php\/wp-json\/wp\/v2\/media\/2046"}],"wp:attachment":[{"href":"https:\/\/anbpr.org.ro\/index.php\/wp-json\/wp\/v2\/media?parent=2044"}],"wp:term":[{"taxonomy":"category","embeddable":true,"href":"https:\/\/anbpr.org.ro\/index.php\/wp-json\/wp\/v2\/categories?post=2044"},{"taxonomy":"post_tag","embeddable":true,"href":"https:\/\/anbpr.org.ro\/index.php\/wp-json\/wp\/v2\/tags?post=2044"}],"curies":[{"name":"wp","href":"https:\/\/api.w.org\/{rel}","templated":true}]}}