{"id":2129,"date":"2018-09-14T10:52:24","date_gmt":"2018-09-14T07:52:24","guid":{"rendered":"http:\/\/anbpr.org.ro\/?p=2129"},"modified":"2018-09-14T19:12:23","modified_gmt":"2018-09-14T16:12:23","slug":"nocturna-bibliotecilor-2018-bibliotecile-unesc-29-30-septembrie-2018","status":"publish","type":"post","link":"https:\/\/anbpr.org.ro\/index.php\/nocturna-bibliotecilor-2018-bibliotecile-unesc-29-30-septembrie-2018\/","title":{"rendered":"Nocturna Bibliotecilor 2018 &#8211; Bibliotecile unesc (29-30 septembrie 2018)"},"content":{"rendered":"<div id='share-me'><ul class='share-left'><li><a href=\"http:\/\/www.facebook.com\/sharer.php?u=https:\/\/anbpr.org.ro\/index.php\/nocturna-bibliotecilor-2018-bibliotecile-unesc-29-30-septembrie-2018\/&t=Nocturna+Bibliotecilor+2018+%26%238211%3B+Bibliotecile+unesc+%2829-30+septembrie+2018%29\" alt=\"Share on Facebook\" title=\"Share on Facebook\"   onclick=\"return smWindowpop(this.href,545,433)\"><img alt = \"\" src = \"https:\/\/anbpr.org.ro\/wp-content\/plugins\/share-me\/\/assets\/images\/cercle\/facebook.png\"  height=\"32px\"  width=\"32px\"><\/a><\/li><li><a href=\"http:\/\/twitter.com\/share?text=Nocturna+Bibliotecilor+2018+%26%238211%3B+Bibliotecile+unesc+%2829-30+septembrie+2018%29-&url=https:\/\/anbpr.org.ro\/index.php\/nocturna-bibliotecilor-2018-bibliotecile-unesc-29-30-septembrie-2018\/&via=ANBPR - Asocia\u021bia Na\u021bional\u0103  a Bibliotecarilor \u0219i Bibliotecilor Publice din Rom\u00e2nia\" alt=\"Tweet This Post\" title=\"Tweet This Post\"  onclick=\"return smWindowpop(this.href,545,433)\"><img alt = \"\" src = \"https:\/\/anbpr.org.ro\/wp-content\/plugins\/share-me\/\/assets\/images\/cercle\/twitter.png\"  height=\"32px\"  width=\"32px\"><\/a><\/li><li><a href=\"https:\/\/plusone.google.com\/_\/+1\/confirm?hl=fr-FR&url=https:\/\/anbpr.org.ro\/index.php\/nocturna-bibliotecilor-2018-bibliotecile-unesc-29-30-septembrie-2018\/\" alt=\"Share on Google+\" title=\"Share on Google+\"  target=\"_blank\" onclick=\"return smWindowpop(this.href,545,433)\"><img alt = \"\" src = \"https:\/\/anbpr.org.ro\/wp-content\/plugins\/share-me\/\/assets\/images\/cercle\/googleplus.png\"  height=\"32px\"  width=\"32px\"><\/a><\/li><li><a href=\"http:\/\/www.tumblr.com\/share\/photo?source=&caption=Nocturna+Bibliotecilor+2018+%26%238211%3B+Bibliotecile+unesc+%2829-30+septembrie+2018%29&clickthru=https%3A%2F%2Fanbpr.org.ro%2Findex.php%2Fnocturna-bibliotecilor-2018-bibliotecile-unesc-29-30-septembrie-2018%2F\" title=\"Share on Tumblr\"  onclick=\"return smWindowpop(this.href,545,433)\"> <img alt = \"\" src = \"https:\/\/anbpr.org.ro\/wp-content\/plugins\/share-me\/\/assets\/images\/cercle\/tumblr.png\"  height=\"32px\"  width=\"32px\"><\/a><\/li><li><a href=\"http:\/\/www.linkedin.com\/shareArticle?mini=true&url=https:\/\/anbpr.org.ro\/index.php\/nocturna-bibliotecilor-2018-bibliotecile-unesc-29-30-septembrie-2018\/&title=Nocturna+Bibliotecilor+2018+%26%238211%3B+Bibliotecile+unesc+%2829-30+septembrie+2018%29&source=ANBPR - Asocia\u021bia Na\u021bional\u0103  a Bibliotecarilor \u0219i Bibliotecilor Publice din Rom\u00e2nia\" onclick=\"return smWindowpop(this.href, 545,433)\"><img alt = \"\" src = \"https:\/\/anbpr.org.ro\/wp-content\/plugins\/share-me\/\/assets\/images\/cercle\/linkedin.png\"  height=\"32px\"  width=\"32px\"><\/a><\/li><li><a href=\"https:\/\/www.blogger.com\/blog-this.g?u=https:\/\/anbpr.org.ro\/index.php\/nocturna-bibliotecilor-2018-bibliotecile-unesc-29-30-septembrie-2018\/&n=Nocturna+Bibliotecilor+2018+%26%238211%3B+Bibliotecile+unesc+%2829-30+septembrie+2018%29&t=ANBPR - Asocia\u021bia Na\u021bional\u0103  a Bibliotecarilor \u0219i Bibliotecilor Publice din Rom\u00e2nia\" alt=\"Share on Blogger\" title=\"Share on Blogger\" onclick=\"return smWindowpop(this.href, 545,433)\"><img alt = \"\" src = \"https:\/\/anbpr.org.ro\/wp-content\/plugins\/share-me\/\/assets\/images\/cercle\/blogger.png\"  height=\"32px\"  width=\"32px\"><\/a><\/li><\/ul><\/div><br\/><p><img loading=\"lazy\" decoding=\"async\" class=\"alignnone size-medium wp-image-2131 alignleft\" src=\"http:\/\/anbpr.org.ro\/wp-content\/uploads\/2018\/09\/Nocturna-bibliotecilor_SIMPLU.jpg-1-213x300.jpg\" alt=\"\" width=\"213\" height=\"300\" srcset=\"https:\/\/anbpr.org.ro\/wp-content\/uploads\/2018\/09\/Nocturna-bibliotecilor_SIMPLU.jpg-1-213x300.jpg 213w, https:\/\/anbpr.org.ro\/wp-content\/uploads\/2018\/09\/Nocturna-bibliotecilor_SIMPLU.jpg-1.jpg 340w\" sizes=\"auto, (max-width: 213px) 100vw, 213px\" \/>Potrivit tradi\u021biei, \u00een ultimul weekend al lunii septembrie (29-30 septembrie 2018) se va desf\u0103\u0219ura campania\u00a0 Nocturna Bibliotecilor 2018. \u00cen anul Centenarului Marii Uniri,\u00a0 campania de mobilizare nocturn\u0103 a bibliotecilor este dedicat\u0103 valorilor \u0219i simbolurilor culturale ale Unirii, reunind participan\u021bii sub sloganul <strong>BIBLIOTECILE UNESC<\/strong>.<\/p>\n<p>Campania Nocturna Bibliotecilor din acest an reprezint\u0103 o edi\u021bie comun\u0103 pentru bibliotecile din Rom\u00e2nia \u0219i Republica Moldova.<\/p>\n<p>Pornind de la premisa c\u0103 bibliotecile aduc oamenii aproape, unesc comunit\u0103\u021bi \u0219i idei \u0219i inspir\u0103 la creativitate, bibliotecile sunt invitate s\u0103 propun\u0103 pentru institu\u021biile lor un program personalizat pentru Nocturna Bibliotecilor 2018, circumscris tematicii acestei edi\u021bii, \u0219i anume\u00a0<strong>BIBLIOTECILE UNESC.<\/strong><\/p>\n<div id=\"yiv3818238025yui_3_16_0_ym19_1_1535441524102_5948\" dir=\"ltr\"><span id=\"yiv3818238025yui_3_16_0_ym19_1_1535441524102_11443\">Principalul obiectiv al acestei edi\u021bii a Nocturnei Bibliotecilor ar trebui s\u0103 fie ca bibliotecile s\u0103 fie receptate drept principalul liant al rom\u00e2nilor iubitori de cultur\u0103, de frumos, de adev\u0103r.<\/span><\/div>\n<div id=\"yiv3818238025yui_3_16_0_ym19_1_1535441524102_5948\" dir=\"ltr\"><\/div>\n<div id=\"yiv3818238025yui_3_16_0_ym19_1_1535441524102_5948\" dir=\"ltr\"><span id=\"yiv3818238025yui_3_16_0_ym19_1_1535441524102_11565\">ANBPR va folosi spa\u021biul Noctunei pentru evenimente interesante \u0219i &#8222;out of the box&#8221;, care s\u0103 creasc\u0103 popularitatea bibliotecilor ca avanposturi ale culturii de calitate, dar \u0219i de ambasadori ai ideilor si inovatiilor care merit\u0103 exprimate \u0219i puse \u00een oper\u0103.\u00a0<\/span><\/div>\n<div id=\"yiv3818238025yui_3_16_0_ym19_1_1535441524102_5948\" dir=\"ltr\"><\/div>\n<div id=\"yiv3818238025yui_3_16_0_ym19_1_1535441524102_5948\" dir=\"ltr\"><span id=\"yiv3818238025yui_3_16_0_ym19_1_1535441524102_15621\">Bibliotecile reprezint\u0103 deopotriv\u0103 tradi\u021bie \u0219i avangard\u0103, vechi \u0219i nou, tradi\u021bional \u0219i non-conformist. Bibliotecile cristalizeaz\u0103 valoare din valoare \u0219i poten\u021beaz\u0103 impactul culturii \u0219i educa\u021biei asupra maselor. Aceast\u0103 edi\u021bie a Nocturnei Bibliotecilor este de dorit s\u0103 genereze o schimbare favorabil\u0103 de percep\u021bie din partea publicului general, transform\u00e2nd bibliotecile \u00eentr-un &#8222;bun na\u021bional&#8221;, \u00eentr-un &#8222;spa\u021biu partajat&#8221; pentru explor\u0103ri \u0219i &#8222;aventuri ale cunoa\u0219terii&#8221;.<\/span><\/div>\n<p>Recomandarea ANBPR, ca organizator, este aceea ca fiecare bibliotec\u0103 participant\u0103 s\u0103 abordeze programul acestei edi\u021bii din perspectiva importan\u021bei Unirii pentru cultura local\u0103 \u0219i na\u021bional\u0103 \u0219i a relevan\u021bei acestui eveniment istoric pentru destinul cultural al bibliotecilor.<\/p>\n<p>V\u0103 invit\u0103m s\u0103 propune\u021bi activit\u0103\u021bi creative \u0219i recreative originale \u0219i de impact, care pot include, dar nu se vor limita la:\u00a0evenimente inedite, concerte, vizite ghidate, proiec\u0163ii de filme, lans\u0103ri de carte, \u00eent\u00e2lniri cu autori, concursuri, ateliere de crea\u021bie, jocuri interactive, lecturi publice, expozi\u021bii \u0219i multe alte surprize preg\u0103tite de colegii no\u0219tri bibliotecari special pentru aceast\u0103 &#8222;noapte alb\u0103 a bibliotecilor.<\/p>\n<p>La aceast\u0103 a IX-a edi\u021bie a campaniei\u00a0 Nocturna Bibliotecilor sunt a\u0219teptate s\u0103 participe biblioteci din Bucure\u0219ti \u0219i din \u021bar\u0103 \u0219i din Republica Moldova, precum \u0219i participan\u021bi din toate categoriile de v\u00e2rst\u0103. Pentru cei care doresc s\u0103 se al\u0103ture ini\u021biativei de a-\u0219i petrece noaptea la bibliotec\u0103, \u0219i s\u0103 experimenteze programe \u0219i ac\u021biuni culturale, dar \u0219i de timp liber, inovative, v\u0103 rug\u0103m s\u0103 v\u0103 anun\u021ba\u021bi participarea la e-mail: anbpr_ro@yahoo.com, cu subiectul: Participare Nocturna Bibliotecilor 2018.<\/p>\n<p>Materialele promotionale pot fi descarcate <a href=\"https:\/\/drive.google.com\/drive\/folders\/1O8f_PcIHRXunV7CCkvhljcdocv_H7i6C?usp=sharing\">aici<\/a> \u0219i pot fi personalizate de fiecare bibliotec\u0103.<\/p>\n<p>Ilustra\u021bie: Irina Maria Iliescu.<\/p>\n<p>V\u0103 a\u0219tept\u0103m al\u0103turi de noi!<\/p>\n","protected":false},"excerpt":{"rendered":"<p>Potrivit tradi\u021biei, \u00een ultimul weekend al lunii septembrie (29-30 septembrie 2018) se va desf\u0103\u0219ura campania\u00a0 Nocturna Bibliotecilor 2018. \u00cen anul Centenarului Marii Uniri,\u00a0 campania de mobilizare nocturn\u0103 a bibliotecilor este dedicat\u0103 valorilor \u0219i simbolurilor culturale ale Unirii, reunind participan\u021bii sub sloganul BIBLIOTECILE UNESC. Campania Nocturna Bibliotecilor din acest an reprezint\u0103 o edi\u021bie comun\u0103 pentru bibliotecile <a href=\"https:\/\/anbpr.org.ro\/index.php\/nocturna-bibliotecilor-2018-bibliotecile-unesc-29-30-septembrie-2018\/\" rel=\"nofollow\"><span class=\"sr-only\">Read more about Nocturna Bibliotecilor 2018 &#8211; Bibliotecile unesc (29-30 septembrie 2018)<\/span>[&hellip;]<\/a><\/p>\n","protected":false},"author":3,"featured_media":0,"comment_status":"open","ping_status":"open","sticky":false,"template":"","format":"standard","meta":{"footnotes":""},"categories":[47,14,1],"tags":[],"class_list":["post-2129","post","type-post","status-publish","format-standard","hentry","category-biblioteci","category-campanii","category-fara-categorie"],"wppr_data":{"cwp_meta_box_check":"No"},"_links":{"self":[{"href":"https:\/\/anbpr.org.ro\/index.php\/wp-json\/wp\/v2\/posts\/2129","targetHints":{"allow":["GET"]}}],"collection":[{"href":"https:\/\/anbpr.org.ro\/index.php\/wp-json\/wp\/v2\/posts"}],"about":[{"href":"https:\/\/anbpr.org.ro\/index.php\/wp-json\/wp\/v2\/types\/post"}],"author":[{"embeddable":true,"href":"https:\/\/anbpr.org.ro\/index.php\/wp-json\/wp\/v2\/users\/3"}],"replies":[{"embeddable":true,"href":"https:\/\/anbpr.org.ro\/index.php\/wp-json\/wp\/v2\/comments?post=2129"}],"version-history":[{"count":15,"href":"https:\/\/anbpr.org.ro\/index.php\/wp-json\/wp\/v2\/posts\/2129\/revisions"}],"predecessor-version":[{"id":2154,"href":"https:\/\/anbpr.org.ro\/index.php\/wp-json\/wp\/v2\/posts\/2129\/revisions\/2154"}],"wp:attachment":[{"href":"https:\/\/anbpr.org.ro\/index.php\/wp-json\/wp\/v2\/media?parent=2129"}],"wp:term":[{"taxonomy":"category","embeddable":true,"href":"https:\/\/anbpr.org.ro\/index.php\/wp-json\/wp\/v2\/categories?post=2129"},{"taxonomy":"post_tag","embeddable":true,"href":"https:\/\/anbpr.org.ro\/index.php\/wp-json\/wp\/v2\/tags?post=2129"}],"curies":[{"name":"wp","href":"https:\/\/api.w.org\/{rel}","templated":true}]}}