{"id":2142,"date":"2018-09-14T11:48:03","date_gmt":"2018-09-14T08:48:03","guid":{"rendered":"http:\/\/anbpr.org.ro\/?p=2142"},"modified":"2018-09-14T11:48:03","modified_gmt":"2018-09-14T08:48:03","slug":"libero-bibliotecile-si-incluziunea-sociala-a-refugiatilor","status":"publish","type":"post","link":"https:\/\/anbpr.org.ro\/index.php\/libero-bibliotecile-si-incluziunea-sociala-a-refugiatilor\/","title":{"rendered":"Lib(e)ro &#8211; bibliotecile \u0219i incluziunea social\u0103 a refugia\u021bilor"},"content":{"rendered":"<div id='share-me'><ul class='share-left'><li><a href=\"http:\/\/www.facebook.com\/sharer.php?u=https:\/\/anbpr.org.ro\/index.php\/libero-bibliotecile-si-incluziunea-sociala-a-refugiatilor\/&t=Lib%28e%29ro+%26%238211%3B+bibliotecile+%C8%99i+incluziunea+social%C4%83+a+refugia%C8%9Bilor\" alt=\"Share on Facebook\" title=\"Share on Facebook\"   onclick=\"return smWindowpop(this.href,545,433)\"><img alt = \"\" src = \"https:\/\/anbpr.org.ro\/wp-content\/plugins\/share-me\/\/assets\/images\/cercle\/facebook.png\"  height=\"32px\"  width=\"32px\"><\/a><\/li><li><a href=\"http:\/\/twitter.com\/share?text=Lib%28e%29ro+%26%238211%3B+bibliotecile+%C8%99i+incluziunea+social%C4%83+a+refugia%C8%9Bilor-&url=https:\/\/anbpr.org.ro\/index.php\/libero-bibliotecile-si-incluziunea-sociala-a-refugiatilor\/&via=ANBPR - Asocia\u021bia Na\u021bional\u0103  a Bibliotecarilor \u0219i Bibliotecilor Publice din Rom\u00e2nia\" alt=\"Tweet This Post\" title=\"Tweet This Post\"  onclick=\"return smWindowpop(this.href,545,433)\"><img alt = \"\" src = \"https:\/\/anbpr.org.ro\/wp-content\/plugins\/share-me\/\/assets\/images\/cercle\/twitter.png\"  height=\"32px\"  width=\"32px\"><\/a><\/li><li><a href=\"https:\/\/plusone.google.com\/_\/+1\/confirm?hl=fr-FR&url=https:\/\/anbpr.org.ro\/index.php\/libero-bibliotecile-si-incluziunea-sociala-a-refugiatilor\/\" alt=\"Share on Google+\" title=\"Share on Google+\"  target=\"_blank\" onclick=\"return smWindowpop(this.href,545,433)\"><img alt = \"\" src = \"https:\/\/anbpr.org.ro\/wp-content\/plugins\/share-me\/\/assets\/images\/cercle\/googleplus.png\"  height=\"32px\"  width=\"32px\"><\/a><\/li><li><a href=\"http:\/\/www.tumblr.com\/share\/photo?source=&caption=Lib%28e%29ro+%26%238211%3B+bibliotecile+%C8%99i+incluziunea+social%C4%83+a+refugia%C8%9Bilor&clickthru=https%3A%2F%2Fanbpr.org.ro%2Findex.php%2Flibero-bibliotecile-si-incluziunea-sociala-a-refugiatilor%2F\" title=\"Share on Tumblr\"  onclick=\"return smWindowpop(this.href,545,433)\"> <img alt = \"\" src = \"https:\/\/anbpr.org.ro\/wp-content\/plugins\/share-me\/\/assets\/images\/cercle\/tumblr.png\"  height=\"32px\"  width=\"32px\"><\/a><\/li><li><a href=\"http:\/\/www.linkedin.com\/shareArticle?mini=true&url=https:\/\/anbpr.org.ro\/index.php\/libero-bibliotecile-si-incluziunea-sociala-a-refugiatilor\/&title=Lib%28e%29ro+%26%238211%3B+bibliotecile+%C8%99i+incluziunea+social%C4%83+a+refugia%C8%9Bilor&source=ANBPR - Asocia\u021bia Na\u021bional\u0103  a Bibliotecarilor \u0219i Bibliotecilor Publice din Rom\u00e2nia\" onclick=\"return smWindowpop(this.href, 545,433)\"><img alt = \"\" src = \"https:\/\/anbpr.org.ro\/wp-content\/plugins\/share-me\/\/assets\/images\/cercle\/linkedin.png\"  height=\"32px\"  width=\"32px\"><\/a><\/li><li><a href=\"https:\/\/www.blogger.com\/blog-this.g?u=https:\/\/anbpr.org.ro\/index.php\/libero-bibliotecile-si-incluziunea-sociala-a-refugiatilor\/&n=Lib%28e%29ro+%26%238211%3B+bibliotecile+%C8%99i+incluziunea+social%C4%83+a+refugia%C8%9Bilor&t=ANBPR - Asocia\u021bia Na\u021bional\u0103  a Bibliotecarilor \u0219i Bibliotecilor Publice din Rom\u00e2nia\" alt=\"Share on Blogger\" title=\"Share on Blogger\" onclick=\"return smWindowpop(this.href, 545,433)\"><img alt = \"\" src = \"https:\/\/anbpr.org.ro\/wp-content\/plugins\/share-me\/\/assets\/images\/cercle\/blogger.png\"  height=\"32px\"  width=\"32px\"><\/a><\/li><\/ul><\/div><br\/><p>Lib(e)ro este un proiect coordonat de c\u0103tre Universitatea Danemarka Krems din Austria ce a dezvoltat mai multe resurse de interes \u00een domeniul bibliotecilor \u0219i al incluziunii sociale a refugia\u021bilor.<\/p>\n<p>Invit\u0103m colegii bibliotecari s\u0103 consulte \u0219i foloseasc\u0103 aceste surse de informa\u021bii \u00een activitatea profesional\u0103, dup\u0103 cum urmeaz\u0103:<\/p>\n<ul>\n<li>Un manual pentru bibliotecari care prezint\u0103 metode \u0219i instrumente pentru a face bibliotecile publice un mediu de \u00eenv\u0103\u021bare intercultural pentru refugia\u021bii nou-veniti ( <a href=\"http:\/\/www.phil.uni-passau.de\/fileadmin\/dokumente\/lehrstuehle\/goeler\/LIBeRO\/Libero_Manual.pdf\">http:\/\/www.phil.uni-passau.de\/fileadmin\/dokumente\/lehrstuehle\/goeler\/LIBeRO\/Libero_Manual.pdf<\/a>)<\/li>\n<li>O platform\u0103 de e-learning cu materiale de instruire, pe de o parte, pentru bibliotecari \u0219i asisten\u021bi sociali \u0219i, pe de alt\u0103 parte, pentru tinerii refugia\u021bi ( <a href=\"https:\/\/ilias.uni-passau.de\/ilias\/goto.php?target=cat_69544&amp;client_id=intelec&amp;lang=en\">https:\/\/ilias.uni-passau.de\/ilias\/goto.php?target=cat_69544&amp;client_id=intelec&amp;lang=en<\/a>)<\/li>\n<\/ul>\n<p>Pute\u021bi ob\u021bine mai multe informa\u021bii despre proiectul antemen\u021bionat, acces\u00e2nd:\u00a0<a href=\"http:\/\/www.phil.uni-passau.de\/en\/european-politics\/projects\/libero\/\">http:\/\/www.phil.uni-passau.de\/en\/european-politics\/projects\/libero\/<\/a><\/p>\n","protected":false},"excerpt":{"rendered":"<p>Lib(e)ro este un proiect coordonat de c\u0103tre Universitatea Danemarka Krems din Austria ce a dezvoltat mai multe resurse de interes \u00een domeniul bibliotecilor \u0219i al incluziunii sociale a refugia\u021bilor. Invit\u0103m colegii bibliotecari s\u0103 consulte \u0219i foloseasc\u0103 aceste surse de informa\u021bii \u00een activitatea profesional\u0103, dup\u0103 cum urmeaz\u0103: Un manual pentru bibliotecari care prezint\u0103 metode \u0219i instrumente <a href=\"https:\/\/anbpr.org.ro\/index.php\/libero-bibliotecile-si-incluziunea-sociala-a-refugiatilor\/\" rel=\"nofollow\"><span class=\"sr-only\">Read more about Lib(e)ro &#8211; bibliotecile \u0219i incluziunea social\u0103 a refugia\u021bilor<\/span>[&hellip;]<\/a><\/p>\n","protected":false},"author":3,"featured_media":0,"comment_status":"open","ping_status":"open","sticky":false,"template":"","format":"standard","meta":{"footnotes":""},"categories":[47],"tags":[],"class_list":["post-2142","post","type-post","status-publish","format-standard","hentry","category-biblioteci"],"wppr_data":{"cwp_meta_box_check":"No"},"_links":{"self":[{"href":"https:\/\/anbpr.org.ro\/index.php\/wp-json\/wp\/v2\/posts\/2142","targetHints":{"allow":["GET"]}}],"collection":[{"href":"https:\/\/anbpr.org.ro\/index.php\/wp-json\/wp\/v2\/posts"}],"about":[{"href":"https:\/\/anbpr.org.ro\/index.php\/wp-json\/wp\/v2\/types\/post"}],"author":[{"embeddable":true,"href":"https:\/\/anbpr.org.ro\/index.php\/wp-json\/wp\/v2\/users\/3"}],"replies":[{"embeddable":true,"href":"https:\/\/anbpr.org.ro\/index.php\/wp-json\/wp\/v2\/comments?post=2142"}],"version-history":[{"count":7,"href":"https:\/\/anbpr.org.ro\/index.php\/wp-json\/wp\/v2\/posts\/2142\/revisions"}],"predecessor-version":[{"id":2149,"href":"https:\/\/anbpr.org.ro\/index.php\/wp-json\/wp\/v2\/posts\/2142\/revisions\/2149"}],"wp:attachment":[{"href":"https:\/\/anbpr.org.ro\/index.php\/wp-json\/wp\/v2\/media?parent=2142"}],"wp:term":[{"taxonomy":"category","embeddable":true,"href":"https:\/\/anbpr.org.ro\/index.php\/wp-json\/wp\/v2\/categories?post=2142"},{"taxonomy":"post_tag","embeddable":true,"href":"https:\/\/anbpr.org.ro\/index.php\/wp-json\/wp\/v2\/tags?post=2142"}],"curies":[{"name":"wp","href":"https:\/\/api.w.org\/{rel}","templated":true}]}}