{"id":2648,"date":"2019-08-08T10:30:08","date_gmt":"2019-08-08T07:30:08","guid":{"rendered":"http:\/\/anbpr.org.ro\/?p=2648"},"modified":"2019-08-07T17:54:02","modified_gmt":"2019-08-07T14:54:02","slug":"expozitia-anuala-de-fotografie-a-bibliotecilor-publice","status":"publish","type":"post","link":"https:\/\/anbpr.org.ro\/index.php\/expozitia-anuala-de-fotografie-a-bibliotecilor-publice\/","title":{"rendered":"Expozi\u0163ia Anual\u0103 de Fotografie a Bibliotecilor Publice"},"content":{"rendered":"<div id='share-me'><ul class='share-left'><li><a href=\"http:\/\/www.facebook.com\/sharer.php?u=https:\/\/anbpr.org.ro\/index.php\/expozitia-anuala-de-fotografie-a-bibliotecilor-publice\/&t=Expozi%C5%A3ia+Anual%C4%83+de+Fotografie+a+Bibliotecilor+Publice\" alt=\"Share on Facebook\" title=\"Share on Facebook\"   onclick=\"return smWindowpop(this.href,545,433)\"><img alt = \"\" src = \"https:\/\/anbpr.org.ro\/wp-content\/plugins\/share-me\/\/assets\/images\/cercle\/facebook.png\"  height=\"32px\"  width=\"32px\"><\/a><\/li><li><a href=\"http:\/\/twitter.com\/share?text=Expozi%C5%A3ia+Anual%C4%83+de+Fotografie+a+Bibliotecilor+Publice-&url=https:\/\/anbpr.org.ro\/index.php\/expozitia-anuala-de-fotografie-a-bibliotecilor-publice\/&via=ANBPR - Asocia\u021bia Na\u021bional\u0103  a Bibliotecarilor \u0219i Bibliotecilor Publice din Rom\u00e2nia\" alt=\"Tweet This Post\" title=\"Tweet This Post\"  onclick=\"return smWindowpop(this.href,545,433)\"><img alt = \"\" src = \"https:\/\/anbpr.org.ro\/wp-content\/plugins\/share-me\/\/assets\/images\/cercle\/twitter.png\"  height=\"32px\"  width=\"32px\"><\/a><\/li><li><a href=\"https:\/\/plusone.google.com\/_\/+1\/confirm?hl=fr-FR&url=https:\/\/anbpr.org.ro\/index.php\/expozitia-anuala-de-fotografie-a-bibliotecilor-publice\/\" alt=\"Share on Google+\" title=\"Share on Google+\"  target=\"_blank\" onclick=\"return smWindowpop(this.href,545,433)\"><img alt = \"\" src = \"https:\/\/anbpr.org.ro\/wp-content\/plugins\/share-me\/\/assets\/images\/cercle\/googleplus.png\"  height=\"32px\"  width=\"32px\"><\/a><\/li><li><a href=\"http:\/\/www.tumblr.com\/share\/photo?source=&caption=Expozi%C5%A3ia+Anual%C4%83+de+Fotografie+a+Bibliotecilor+Publice&clickthru=https%3A%2F%2Fanbpr.org.ro%2Findex.php%2Fexpozitia-anuala-de-fotografie-a-bibliotecilor-publice%2F\" title=\"Share on Tumblr\"  onclick=\"return smWindowpop(this.href,545,433)\"> <img alt = \"\" src = \"https:\/\/anbpr.org.ro\/wp-content\/plugins\/share-me\/\/assets\/images\/cercle\/tumblr.png\"  height=\"32px\"  width=\"32px\"><\/a><\/li><li><a href=\"http:\/\/www.linkedin.com\/shareArticle?mini=true&url=https:\/\/anbpr.org.ro\/index.php\/expozitia-anuala-de-fotografie-a-bibliotecilor-publice\/&title=Expozi%C5%A3ia+Anual%C4%83+de+Fotografie+a+Bibliotecilor+Publice&source=ANBPR - Asocia\u021bia Na\u021bional\u0103  a Bibliotecarilor \u0219i Bibliotecilor Publice din Rom\u00e2nia\" onclick=\"return smWindowpop(this.href, 545,433)\"><img alt = \"\" src = \"https:\/\/anbpr.org.ro\/wp-content\/plugins\/share-me\/\/assets\/images\/cercle\/linkedin.png\"  height=\"32px\"  width=\"32px\"><\/a><\/li><li><a href=\"https:\/\/www.blogger.com\/blog-this.g?u=https:\/\/anbpr.org.ro\/index.php\/expozitia-anuala-de-fotografie-a-bibliotecilor-publice\/&n=Expozi%C5%A3ia+Anual%C4%83+de+Fotografie+a+Bibliotecilor+Publice&t=ANBPR - Asocia\u021bia Na\u021bional\u0103  a Bibliotecarilor \u0219i Bibliotecilor Publice din Rom\u00e2nia\" alt=\"Share on Blogger\" title=\"Share on Blogger\" onclick=\"return smWindowpop(this.href, 545,433)\"><img alt = \"\" src = \"https:\/\/anbpr.org.ro\/wp-content\/plugins\/share-me\/\/assets\/images\/cercle\/blogger.png\"  height=\"32px\"  width=\"32px\"><\/a><\/li><\/ul><\/div><br\/><p><img loading=\"lazy\" decoding=\"async\" class=\"alignnone size-medium wp-image-2654 alignleft\" src=\"http:\/\/anbpr.org.ro\/wp-content\/uploads\/2019\/08\/A3.2019-ANBPR.-Expo-fotografie-BJBV1-213x300.jpg\" alt=\"\" width=\"213\" height=\"300\" srcset=\"https:\/\/anbpr.org.ro\/wp-content\/uploads\/2019\/08\/A3.2019-ANBPR.-Expo-fotografie-BJBV1-213x300.jpg 213w, https:\/\/anbpr.org.ro\/wp-content\/uploads\/2019\/08\/A3.2019-ANBPR.-Expo-fotografie-BJBV1-768x1080.jpg 768w, https:\/\/anbpr.org.ro\/wp-content\/uploads\/2019\/08\/A3.2019-ANBPR.-Expo-fotografie-BJBV1-728x1024.jpg 728w, https:\/\/anbpr.org.ro\/wp-content\/uploads\/2019\/08\/A3.2019-ANBPR.-Expo-fotografie-BJBV1-36x50.jpg 36w, https:\/\/anbpr.org.ro\/wp-content\/uploads\/2019\/08\/A3.2019-ANBPR.-Expo-fotografie-BJBV1.jpg 1720w\" sizes=\"auto, (max-width: 213px) 100vw, 213px\" \/>Asocia\u0163ia Na\u0163ional\u0103 a Bibliotecarilor \u015fi Bibliotecilor Publice din Rom\u00e2nia (ANBPR) \u0219i Biblioteca Na\u0163ional\u0103 a Rom\u00e2niei v\u0103 invit\u0103 la vernisajul Expozi\u0163iei colective anuale de fotografie din bibliotecile publice, eveniment coordonat \u015fi finan\u0163at de Biblioteca Jude\u0163ean\u0103 \u201eGeorge Bari\u0163iu\u201d Bra\u015fov. Evenimentul va avea loc<strong> mar\u0163i, 13 august 2019, orele 13,00, la parterul Bibliotecii Na\u0163ionale, Buzunarul 2<\/strong>.<\/p>\n<p>Expozi\u0163ia \u201eAnima\u0163ia cultural\u0103 \u00een bibliotecile publice din Rom\u00e2nia\u201d se afl\u0103 la edi\u0163ia a V-a \u015fi cuprinde imagini despre activit\u0103\u0163ile derulate pe parcursul anului 2018 din 29 de biblioteci rom\u00e2ne\u015fti, reprezent\u00e2nd 21 de jude\u0163e. Aceast\u0103 expozi\u0163ie tematic\u0103 anual\u0103 este unul dintre proiectele etalon ale Asocia\u0163iei Na\u0163ionale a Bibliotecarilor \u015fi Bibliotecilor Publice din Rom\u00e2nia (ANBPR) care, \u00eencep\u00e2nd de la edi\u0163ia pilot din 2015, \u015fi-a propus s\u0103 reflecte activitatea bibliotecilor publice \u015fi s\u0103 promoveze munca bibliotecarilor, , implicarea social\u0103 \u015fi comunitar\u0103 a bibliotecii publice \u015fi bibliotecarului \u00een societatea rom\u00e2neasc\u0103, precum \u0219i rolul de liant al c\u0103r\u0163ii \u015fi lecturii<\/p>\n<p>Biblioteca Na\u0163ional\u0103 a Rom\u00e2niei a fost al\u0103turi de acest proiect \u015fi de ANBPR, pun\u00e2nd la dispozi\u0163ie un spa\u0163iu special, dedicat bibliotecilor publice, numit sugestiv <strong>BiblioExpo<\/strong>, care aduce la ramp\u0103 \u00a0patrimoniul bibliotecilor, precum \u015fi a cele mai creative \u015fi inovatoare proiecte derulate de acestea.<\/p>\n<p>\u00cen acest an,tema expozi\u0163iei este foarte generoas\u0103, \u0219i anume Anima\u0163ia cultural\u0103 \u00een biblioteci, incluz\u00e2nd cele mai reprezentative \u0219i inedite activit\u0103\u0163i din aceast\u0103 categorie. De fapt, am putea spune c\u0103 activitatea bibliotecilor este o activitate de anima\u0163ie cultural\u0103 prin excelen\u0163\u0103, deoarece, \u00een lumea bibliotecilor, dialogul despre c\u0103r\u0163i \u015fi lecturi este la el acas\u0103. C\u0103r\u0163ile au nevoie de ambasadori \u015fi cine sunt mai potrivi\u0163i \u00een acest rol dec\u00e2t bibliotecarii? Cea mai mare parte dintre fotografiile despre activitatea de anima\u0163ie cultural\u0103 are \u00een centrul lor, cum este \u015fi firesc, cartea \u015fi lectura \u015fi subliniaz\u0103 rolul bibliotecarilor ca intermediari ai c\u0103r\u0163ii, ca sprijinitori, educatori \u015fi interpre\u0163i ai artei lecturii. Expozi\u0163ia dispune de un site propriu, care include galeria foto a patru edi\u0163ii, care este disponibil la urm\u0103toarea adres\u0103 &#8211; <a href=\"https:\/\/expozitiaanbpr.wordpress.com\/\">https:\/\/expozitiaanbpr.wordpress.com\/<\/a>, iar expozi\u0163ia fizic\u0103 de anul acesta cuprinde o selec\u0163ie de 42 de imagini reprezentative.<\/p>\n<p>Fotografiile din expozi\u0163ia acestei edi\u0163ii sunt variate \u015fi ilustreaz\u0103, de fapt, la c\u00e2te nivele de audien\u0163\u0103 lucreaz\u0103 bibliotecile publice din Rom\u00e2nia. Al\u0103turi de activit\u0103\u021bi dedicate c\u0103r\u021bii, \u00eent\u00e2lnim activit\u0103\u0163i construite \u00een jurul filmului, muzicii \u015fi teatrului, ecologiei, voluntariatului, expozi\u0163iilor comunitare, educa\u0163iei pentru s\u0103n\u0103tate etc. Publicul este diferit ca v\u00e2rst\u0103: de la copii la adolescen\u0163i, de la adul\u0163i la seniori, oameni dintre cei mai feluri\u0163i trec pragul bibliotecilor publice din Rom\u00e2nia, g\u0103sind aici un loc unde aspira\u0163iile lor se \u00eemplinesc. Biblioteca public\u0103 izbute\u015fte de multe ori s\u0103 fie un spa\u0163iu comunitar autentic, iar bibliotecarii adesea ies din cercul activit\u0103\u021bilor curente \u00a0\u015fi ofer\u0103 servicii moderne, \u00een alte spa\u0163ii dec\u00e2t cel al bibliotecii. Ve\u0163i putea observa diferite spa\u021bii de desf\u0103\u0219urare a activit\u0103\u0163ilor de anima\u0163ie cultural\u0103 \u015fi implicare comunitar\u0103: de la sec\u0163ii de bibliotec\u0103 la parcuri, pie\u0163e, spa\u021bii de comemorare a eroilor \u015f.a. Expozi\u0163ia e deschis\u0103 publicului p\u00e2n\u0103 la 1 septembrie.<\/p>\n<p>Afi\u015ful expozi\u021biei este accesibil <a href=\"http:\/\/anbpr.org.ro\/wp-content\/uploads\/2019\/08\/A3.2019-ANBPR.-Expo-fotografie-BJBV1.jpg\">aici<\/a>.<\/p>\n<p>V\u0103 invit\u0103m cu drag al\u0103turi de noi la deschiderea acestei expozi\u0163ii \u015fi la vizionarea fotografiilor!<\/p>\n<p>Sorina Stanca, Pre\u015fedinte ANBPR\u00a0 \u00a0 \u00a0 \u00a0 \u00a0 \u00a0 \u00a0 \u00a0 \u00a0 \u00a0 \u00a0 \u00a0Carmen Mihaiu, Director General Biblioteca Na\u0163ional\u0103 a Rom\u00e2niei<\/p>\n<p>Ruxandra Nazare, Vicepre\u015fedinte ANBPR<\/p>\n<p>Responsabil expozi\u0163ie<\/p>\n<p>Ioana Crihan\u0103, Director Executiv ANBPR<\/p>\n","protected":false},"excerpt":{"rendered":"<p>Asocia\u0163ia Na\u0163ional\u0103 a Bibliotecarilor \u015fi Bibliotecilor Publice din Rom\u00e2nia (ANBPR) \u0219i Biblioteca Na\u0163ional\u0103 a Rom\u00e2niei v\u0103 invit\u0103 la vernisajul Expozi\u0163iei colective anuale de fotografie din bibliotecile publice, eveniment coordonat \u015fi finan\u0163at de Biblioteca Jude\u0163ean\u0103 \u201eGeorge Bari\u0163iu\u201d Bra\u015fov. Evenimentul va avea loc mar\u0163i, 13 august 2019, orele 13,00, la parterul Bibliotecii Na\u0163ionale, Buzunarul 2. Expozi\u0163ia \u201eAnima\u0163ia <a href=\"https:\/\/anbpr.org.ro\/index.php\/expozitia-anuala-de-fotografie-a-bibliotecilor-publice\/\" rel=\"nofollow\"><span class=\"sr-only\">Read more about Expozi\u0163ia Anual\u0103 de Fotografie a Bibliotecilor Publice<\/span>[&hellip;]<\/a><\/p>\n","protected":false},"author":3,"featured_media":0,"comment_status":"open","ping_status":"open","sticky":false,"template":"","format":"standard","meta":{"footnotes":""},"categories":[46,36,47,98,100],"tags":[],"class_list":["post-2648","post","type-post","status-publish","format-standard","hentry","category-anbpr","category-anunturi","category-biblioteci","category-expozitie","category-fotografie"],"wppr_data":{"cwp_meta_box_check":"No"},"_links":{"self":[{"href":"https:\/\/anbpr.org.ro\/index.php\/wp-json\/wp\/v2\/posts\/2648","targetHints":{"allow":["GET"]}}],"collection":[{"href":"https:\/\/anbpr.org.ro\/index.php\/wp-json\/wp\/v2\/posts"}],"about":[{"href":"https:\/\/anbpr.org.ro\/index.php\/wp-json\/wp\/v2\/types\/post"}],"author":[{"embeddable":true,"href":"https:\/\/anbpr.org.ro\/index.php\/wp-json\/wp\/v2\/users\/3"}],"replies":[{"embeddable":true,"href":"https:\/\/anbpr.org.ro\/index.php\/wp-json\/wp\/v2\/comments?post=2648"}],"version-history":[{"count":9,"href":"https:\/\/anbpr.org.ro\/index.php\/wp-json\/wp\/v2\/posts\/2648\/revisions"}],"predecessor-version":[{"id":2670,"href":"https:\/\/anbpr.org.ro\/index.php\/wp-json\/wp\/v2\/posts\/2648\/revisions\/2670"}],"wp:attachment":[{"href":"https:\/\/anbpr.org.ro\/index.php\/wp-json\/wp\/v2\/media?parent=2648"}],"wp:term":[{"taxonomy":"category","embeddable":true,"href":"https:\/\/anbpr.org.ro\/index.php\/wp-json\/wp\/v2\/categories?post=2648"},{"taxonomy":"post_tag","embeddable":true,"href":"https:\/\/anbpr.org.ro\/index.php\/wp-json\/wp\/v2\/tags?post=2648"}],"curies":[{"name":"wp","href":"https:\/\/api.w.org\/{rel}","templated":true}]}}