{"id":2782,"date":"2019-10-08T16:43:37","date_gmt":"2019-10-08T13:43:37","guid":{"rendered":"http:\/\/anbpr.org.ro\/?p=2782"},"modified":"2019-11-19T17:46:18","modified_gmt":"2019-11-19T15:46:18","slug":"lansarea-coalitiei-pentru-educatie-digitala","status":"publish","type":"post","link":"https:\/\/anbpr.org.ro\/index.php\/lansarea-coalitiei-pentru-educatie-digitala\/","title":{"rendered":"Lansarea Coali\u021biei pentru Educa\u021bie Digital\u0103"},"content":{"rendered":"<div id='share-me'><ul class='share-left'><li><a href=\"http:\/\/www.facebook.com\/sharer.php?u=https:\/\/anbpr.org.ro\/index.php\/lansarea-coalitiei-pentru-educatie-digitala\/&t=Lansarea+Coali%C8%9Biei+pentru+Educa%C8%9Bie+Digital%C4%83\" alt=\"Share on Facebook\" title=\"Share on Facebook\"   onclick=\"return smWindowpop(this.href,545,433)\"><img alt = \"\" src = \"https:\/\/anbpr.org.ro\/wp-content\/plugins\/share-me\/\/assets\/images\/cercle\/facebook.png\"  height=\"32px\"  width=\"32px\"><\/a><\/li><li><a href=\"http:\/\/twitter.com\/share?text=Lansarea+Coali%C8%9Biei+pentru+Educa%C8%9Bie+Digital%C4%83-&url=https:\/\/anbpr.org.ro\/index.php\/lansarea-coalitiei-pentru-educatie-digitala\/&via=ANBPR - Asocia\u021bia Na\u021bional\u0103  a Bibliotecarilor \u0219i Bibliotecilor Publice din Rom\u00e2nia\" alt=\"Tweet This Post\" title=\"Tweet This Post\"  onclick=\"return smWindowpop(this.href,545,433)\"><img alt = \"\" src = \"https:\/\/anbpr.org.ro\/wp-content\/plugins\/share-me\/\/assets\/images\/cercle\/twitter.png\"  height=\"32px\"  width=\"32px\"><\/a><\/li><li><a href=\"https:\/\/plusone.google.com\/_\/+1\/confirm?hl=fr-FR&url=https:\/\/anbpr.org.ro\/index.php\/lansarea-coalitiei-pentru-educatie-digitala\/\" alt=\"Share on Google+\" title=\"Share on Google+\"  target=\"_blank\" onclick=\"return smWindowpop(this.href,545,433)\"><img alt = \"\" src = \"https:\/\/anbpr.org.ro\/wp-content\/plugins\/share-me\/\/assets\/images\/cercle\/googleplus.png\"  height=\"32px\"  width=\"32px\"><\/a><\/li><li><a href=\"http:\/\/www.tumblr.com\/share\/photo?source=https%3A%2F%2Fanbpr.org.ro%2Fwp-content%2Fuploads%2F2019%2F10%2FPoza_Comunicat_Coalitie.jpg&caption=Lansarea+Coali%C8%9Biei+pentru+Educa%C8%9Bie+Digital%C4%83&clickthru=https%3A%2F%2Fanbpr.org.ro%2Findex.php%2Flansarea-coalitiei-pentru-educatie-digitala%2F\" title=\"Share on Tumblr\"  onclick=\"return smWindowpop(this.href,545,433)\"> <img alt = \"\" src = \"https:\/\/anbpr.org.ro\/wp-content\/plugins\/share-me\/\/assets\/images\/cercle\/tumblr.png\"  height=\"32px\"  width=\"32px\"><\/a><\/li><li><a href=\"http:\/\/www.linkedin.com\/shareArticle?mini=true&url=https:\/\/anbpr.org.ro\/index.php\/lansarea-coalitiei-pentru-educatie-digitala\/&title=Lansarea+Coali%C8%9Biei+pentru+Educa%C8%9Bie+Digital%C4%83&source=ANBPR - Asocia\u021bia Na\u021bional\u0103  a Bibliotecarilor \u0219i Bibliotecilor Publice din Rom\u00e2nia\" onclick=\"return smWindowpop(this.href, 545,433)\"><img alt = \"\" src = \"https:\/\/anbpr.org.ro\/wp-content\/plugins\/share-me\/\/assets\/images\/cercle\/linkedin.png\"  height=\"32px\"  width=\"32px\"><\/a><\/li><li><a href=\"https:\/\/www.blogger.com\/blog-this.g?u=https:\/\/anbpr.org.ro\/index.php\/lansarea-coalitiei-pentru-educatie-digitala\/&n=Lansarea+Coali%C8%9Biei+pentru+Educa%C8%9Bie+Digital%C4%83&t=ANBPR - Asocia\u021bia Na\u021bional\u0103  a Bibliotecarilor \u0219i Bibliotecilor Publice din Rom\u00e2nia\" alt=\"Share on Blogger\" title=\"Share on Blogger\" onclick=\"return smWindowpop(this.href, 545,433)\"><img alt = \"\" src = \"https:\/\/anbpr.org.ro\/wp-content\/plugins\/share-me\/\/assets\/images\/cercle\/blogger.png\"  height=\"32px\"  width=\"32px\"><\/a><\/li><\/ul><\/div><br\/>\n<h2 class=\"wp-block-heading\"><\/h2>\n\n\n\n<p><\/p>\n\n\n\n<p style=\"text-align:left\">Ast\u0103zi, 8 octombrie 2019, organiza\u021biile semnatare lanseaz\u0103 <strong>Coali\u021bia pentru Educa\u021bie Digital\u0103<\/strong> \u2013 un demers informal ce \u00ee\u0219i propune s\u0103 sprijine dezvoltarea educa\u021biei digitale de calitate \u00een Rom\u00e2nia \u0219i adaptarea ofertei educa\u021bionale astfel \u00eenc\u00e2t aceasta s\u0103 preg\u0103teasc\u0103 copiii \u0219i tinerii pentru transformarea societ\u0103\u021bii \u0219i a pie\u021bei muncii sub impactul tendin\u021belor tehnologice. <\/p>\n\n\n\n<figure class=\"wp-block-image\"><img loading=\"lazy\" decoding=\"async\" width=\"750\" height=\"501\" src=\"http:\/\/anbpr.org.ro\/wp-content\/uploads\/2019\/10\/Poza_Comunicat_Coalitie.jpg\" alt=\"\" class=\"wp-image-2788\" srcset=\"https:\/\/anbpr.org.ro\/wp-content\/uploads\/2019\/10\/Poza_Comunicat_Coalitie.jpg 750w, https:\/\/anbpr.org.ro\/wp-content\/uploads\/2019\/10\/Poza_Comunicat_Coalitie-300x200.jpg 300w, https:\/\/anbpr.org.ro\/wp-content\/uploads\/2019\/10\/Poza_Comunicat_Coalitie-50x33.jpg 50w\" sizes=\"auto, (max-width: 750px) 100vw, 750px\" \/><\/figure>\n\n\n\n<p>Ce \u00ee\u0219i propune Coali\u021bia pentru Educa\u021bie Digital\u0103:<\/p>\n\n\n\n<ul class=\"wp-block-list\"><li>s\u0103 fim o voce a organiza\u021biilor (formale sau informale, publice sau private) care lucreaz\u0103 \u00een domeniul educa\u021biei digitale;<\/li><\/ul>\n\n\n\n<ul class=\"wp-block-list\"><li>s\u0103 fim un partener de dialog \u00een rela\u021bia cu Ministerul Educa\u021biei Na\u021bionale, cu Guvernul Rom\u00e2niei, cu membrii Parlamentului Rom\u00e2niei \u0219i cu autorit\u0103\u021bile publice locale \u0219i centrale, precum \u0219i cu alte institu\u021bii, organiza\u021bii sau companii interesate de educa\u021bia digital\u0103;<\/li><li>s\u0103 contribuim, prin intermediul organiza\u021biilor active \u00een domeniu, la extinderea \u0219i consolidarea instruirii non-formale \u00een domeniul educa\u021biei digitale \u0219i includerea \u00een ecua\u021bia educa\u021bional\u0103, al\u0103turi de \u0219coli, a spa\u021biilor de tip bibliotec\u0103, makerspace, hub-uri de tehnologie etc., care reprezint\u0103 teritorii ale cunoa\u0219terii complementare educa\u021biei formale;<\/li><li>s\u0103 oferim resursele, experien\u021ba acumulat\u0103 p\u00e2n\u0103 \u00een prezent \u0219i s\u0103 \u00eemp\u0103rt\u0103\u0219im bunele practici, deja testate, \u00een domeniul digital, at\u00e2t profesorilor c\u00e2t \u0219i elevilor.<\/li><\/ul>\n\n\n\n<h2 class=\"wp-block-heading\"><\/h2>\n\n\n\n<p>Comunicatul integral este disponibil<a href=\"http:\/\/anbpr.org.ro\/wp-content\/uploads\/2019\/10\/Comunicat-de-presa-Coalitia-pentru-Educatie-Digitala.pdf\"> aici<\/a>. <\/p>\n","protected":false},"excerpt":{"rendered":"<p>Ast\u0103zi, 8 octombrie 2019, organiza\u021biile semnatare lanseaz\u0103 Coali\u021bia pentru Educa\u021bie Digital\u0103 \u2013 un demers informal ce \u00ee\u0219i propune s\u0103 sprijine dezvoltarea educa\u021biei digitale de calitate \u00een Rom\u00e2nia \u0219i adaptarea ofertei educa\u021bionale astfel \u00eenc\u00e2t aceasta s\u0103 preg\u0103teasc\u0103 copiii \u0219i tinerii pentru transformarea societ\u0103\u021bii \u0219i a pie\u021bei muncii sub impactul tendin\u021belor tehnologice. Ce \u00ee\u0219i propune Coali\u021bia pentru <a href=\"https:\/\/anbpr.org.ro\/index.php\/lansarea-coalitiei-pentru-educatie-digitala\/\" rel=\"nofollow\"><span class=\"sr-only\">Read more about Lansarea Coali\u021biei pentru Educa\u021bie Digital\u0103<\/span>[&hellip;]<\/a><\/p>\n","protected":false},"author":3,"featured_media":2788,"comment_status":"open","ping_status":"open","sticky":false,"template":"","format":"standard","meta":{"footnotes":""},"categories":[46,36,44,29,1],"tags":[120,70,128,126,110,78,122,118,124],"class_list":["post-2782","post","type-post","status-publish","format-standard","has-post-thumbnail","hentry","category-anbpr","category-anunturi","category-erasmus","category-evenimente","category-fara-categorie","tag-adulti","tag-anbpr","tag-biblioteca","tag-croatia","tag-educatie","tag-erasmus","tag-facilitatori","tag-invatare-transformatoare","tag-zagreb"],"wppr_data":{"cwp_meta_box_check":"No"},"_links":{"self":[{"href":"https:\/\/anbpr.org.ro\/index.php\/wp-json\/wp\/v2\/posts\/2782","targetHints":{"allow":["GET"]}}],"collection":[{"href":"https:\/\/anbpr.org.ro\/index.php\/wp-json\/wp\/v2\/posts"}],"about":[{"href":"https:\/\/anbpr.org.ro\/index.php\/wp-json\/wp\/v2\/types\/post"}],"author":[{"embeddable":true,"href":"https:\/\/anbpr.org.ro\/index.php\/wp-json\/wp\/v2\/users\/3"}],"replies":[{"embeddable":true,"href":"https:\/\/anbpr.org.ro\/index.php\/wp-json\/wp\/v2\/comments?post=2782"}],"version-history":[{"count":11,"href":"https:\/\/anbpr.org.ro\/index.php\/wp-json\/wp\/v2\/posts\/2782\/revisions"}],"predecessor-version":[{"id":2816,"href":"https:\/\/anbpr.org.ro\/index.php\/wp-json\/wp\/v2\/posts\/2782\/revisions\/2816"}],"wp:featuredmedia":[{"embeddable":true,"href":"https:\/\/anbpr.org.ro\/index.php\/wp-json\/wp\/v2\/media\/2788"}],"wp:attachment":[{"href":"https:\/\/anbpr.org.ro\/index.php\/wp-json\/wp\/v2\/media?parent=2782"}],"wp:term":[{"taxonomy":"category","embeddable":true,"href":"https:\/\/anbpr.org.ro\/index.php\/wp-json\/wp\/v2\/categories?post=2782"},{"taxonomy":"post_tag","embeddable":true,"href":"https:\/\/anbpr.org.ro\/index.php\/wp-json\/wp\/v2\/tags?post=2782"}],"curies":[{"name":"wp","href":"https:\/\/api.w.org\/{rel}","templated":true}]}}