{"id":4090,"date":"2021-07-30T14:11:57","date_gmt":"2021-07-30T11:11:57","guid":{"rendered":"https:\/\/anbpr.org.ro\/?p=4090"},"modified":"2021-07-30T14:15:58","modified_gmt":"2021-07-30T11:15:58","slug":"precizari-ale-ministerului-culturii-privind-aplicarea-masurilor-de-relaxare-in-bibliotecile-publice","status":"publish","type":"post","link":"https:\/\/anbpr.org.ro\/index.php\/precizari-ale-ministerului-culturii-privind-aplicarea-masurilor-de-relaxare-in-bibliotecile-publice\/","title":{"rendered":"Preciz\u0103ri ale Ministerului Culturii privind aplicarea m\u0103surilor de relaxare \u00een bibliotecile publice"},"content":{"rendered":"<div id='share-me'><ul class='share-left'><li><a href=\"http:\/\/www.facebook.com\/sharer.php?u=https:\/\/anbpr.org.ro\/index.php\/precizari-ale-ministerului-culturii-privind-aplicarea-masurilor-de-relaxare-in-bibliotecile-publice\/&t=Preciz%C4%83ri+ale+Ministerului+Culturii+privind+aplicarea+m%C4%83surilor+de+relaxare+%C3%AEn+bibliotecile+publice\" alt=\"Share on Facebook\" title=\"Share on Facebook\"   onclick=\"return smWindowpop(this.href,545,433)\"><img alt = \"\" src = \"https:\/\/anbpr.org.ro\/wp-content\/plugins\/share-me\/\/assets\/images\/cercle\/facebook.png\"  height=\"32px\"  width=\"32px\"><\/a><\/li><li><a href=\"http:\/\/twitter.com\/share?text=Preciz%C4%83ri+ale+Ministerului+Culturii+privind+aplicarea+m%C4%83surilor+de+relaxare+%C3%AEn+bibliotecile+publice-&url=https:\/\/anbpr.org.ro\/index.php\/precizari-ale-ministerului-culturii-privind-aplicarea-masurilor-de-relaxare-in-bibliotecile-publice\/&via=ANBPR - Asocia\u021bia Na\u021bional\u0103  a Bibliotecarilor \u0219i Bibliotecilor Publice din Rom\u00e2nia\" alt=\"Tweet This Post\" title=\"Tweet This Post\"  onclick=\"return smWindowpop(this.href,545,433)\"><img alt = \"\" src = \"https:\/\/anbpr.org.ro\/wp-content\/plugins\/share-me\/\/assets\/images\/cercle\/twitter.png\"  height=\"32px\"  width=\"32px\"><\/a><\/li><li><a href=\"https:\/\/plusone.google.com\/_\/+1\/confirm?hl=fr-FR&url=https:\/\/anbpr.org.ro\/index.php\/precizari-ale-ministerului-culturii-privind-aplicarea-masurilor-de-relaxare-in-bibliotecile-publice\/\" alt=\"Share on Google+\" title=\"Share on Google+\"  target=\"_blank\" onclick=\"return smWindowpop(this.href,545,433)\"><img alt = \"\" src = \"https:\/\/anbpr.org.ro\/wp-content\/plugins\/share-me\/\/assets\/images\/cercle\/googleplus.png\"  height=\"32px\"  width=\"32px\"><\/a><\/li><li><a href=\"http:\/\/www.tumblr.com\/share\/photo?source=&caption=Preciz%C4%83ri+ale+Ministerului+Culturii+privind+aplicarea+m%C4%83surilor+de+relaxare+%C3%AEn+bibliotecile+publice&clickthru=https%3A%2F%2Fanbpr.org.ro%2Findex.php%2Fprecizari-ale-ministerului-culturii-privind-aplicarea-masurilor-de-relaxare-in-bibliotecile-publice%2F\" title=\"Share on Tumblr\"  onclick=\"return smWindowpop(this.href,545,433)\"> <img alt = \"\" src = \"https:\/\/anbpr.org.ro\/wp-content\/plugins\/share-me\/\/assets\/images\/cercle\/tumblr.png\"  height=\"32px\"  width=\"32px\"><\/a><\/li><li><a href=\"http:\/\/www.linkedin.com\/shareArticle?mini=true&url=https:\/\/anbpr.org.ro\/index.php\/precizari-ale-ministerului-culturii-privind-aplicarea-masurilor-de-relaxare-in-bibliotecile-publice\/&title=Preciz%C4%83ri+ale+Ministerului+Culturii+privind+aplicarea+m%C4%83surilor+de+relaxare+%C3%AEn+bibliotecile+publice&source=ANBPR - Asocia\u021bia Na\u021bional\u0103  a Bibliotecarilor \u0219i Bibliotecilor Publice din Rom\u00e2nia\" onclick=\"return smWindowpop(this.href, 545,433)\"><img alt = \"\" src = \"https:\/\/anbpr.org.ro\/wp-content\/plugins\/share-me\/\/assets\/images\/cercle\/linkedin.png\"  height=\"32px\"  width=\"32px\"><\/a><\/li><li><a href=\"https:\/\/www.blogger.com\/blog-this.g?u=https:\/\/anbpr.org.ro\/index.php\/precizari-ale-ministerului-culturii-privind-aplicarea-masurilor-de-relaxare-in-bibliotecile-publice\/&n=Preciz%C4%83ri+ale+Ministerului+Culturii+privind+aplicarea+m%C4%83surilor+de+relaxare+%C3%AEn+bibliotecile+publice&t=ANBPR - Asocia\u021bia Na\u021bional\u0103  a Bibliotecarilor \u0219i Bibliotecilor Publice din Rom\u00e2nia\" alt=\"Share on Blogger\" title=\"Share on Blogger\" onclick=\"return smWindowpop(this.href, 545,433)\"><img alt = \"\" src = \"https:\/\/anbpr.org.ro\/wp-content\/plugins\/share-me\/\/assets\/images\/cercle\/blogger.png\"  height=\"32px\"  width=\"32px\"><\/a><\/li><\/ul><\/div><br\/>\n<p><img loading=\"lazy\" decoding=\"async\" width=\"450\" height=\"395\" class=\"wp-image-1637\" style=\"width: 450px;\" src=\"http:\/\/anbpr.org.ro\/wp-content\/uploads\/2017\/09\/cropped-ANBPR_logo.png\" alt=\"\" srcset=\"https:\/\/anbpr.org.ro\/wp-content\/uploads\/2017\/09\/cropped-ANBPR_logo.png 526w, https:\/\/anbpr.org.ro\/wp-content\/uploads\/2017\/09\/cropped-ANBPR_logo-300x263.png 300w\" sizes=\"auto, (max-width: 450px) 100vw, 450px\" \/><\/p>\n\n\n\n<p>Ca urmare a Adresei Asocia\u021biei Na\u021bionale a Bibliotecarilor \u0219i Bibliotecilor Publice din Rom\u00e2nia Nr. 43\/04.06.2021, \u00eenregistrat\u0103 la Ministerul Culturii cu Nr. 3729\/04.06.2021 \u0219i a Adresei Asocia\u021biei Na\u021bionale a Bibliotecarilor \u0219i Bibliotecilor Publice din Rom\u00e2nia Nr. 50 din 22.07.2021, \u00eenregistrat\u0103 la Ministerul Culturii cu Nr. 4745\/22.07.2021, pute\u021bi consulta preciz\u0103rile Ministerului Culturii privind aplicarea m\u0103surilor de relaxare \u00een bibliotecile publice <a href=\"http:\/\/anbpr.org.ro\/wp-content\/uploads\/2021\/07\/Raspuns_Ministerul_Culturii_relaxare_conditii_COVID.pdf\">aici<\/a>.<\/p>\n","protected":false},"excerpt":{"rendered":"<p>Ca urmare a Adresei Asocia\u021biei Na\u021bionale a Bibliotecarilor \u0219i Bibliotecilor Publice din Rom\u00e2nia Nr. 43\/04.06.2021, \u00eenregistrat\u0103 la Ministerul Culturii cu Nr. 3729\/04.06.2021 \u0219i a Adresei Asocia\u021biei Na\u021bionale a Bibliotecarilor \u0219i Bibliotecilor Publice din Rom\u00e2nia Nr. 50 din 22.07.2021, \u00eenregistrat\u0103 la Ministerul Culturii cu Nr. 4745\/22.07.2021, pute\u021bi consulta preciz\u0103rile Ministerului Culturii privind aplicarea m\u0103surilor de relaxare <a href=\"https:\/\/anbpr.org.ro\/index.php\/precizari-ale-ministerului-culturii-privind-aplicarea-masurilor-de-relaxare-in-bibliotecile-publice\/\" rel=\"nofollow\"><span class=\"sr-only\">Read more about Preciz\u0103ri ale Ministerului Culturii privind aplicarea m\u0103surilor de relaxare \u00een bibliotecile publice<\/span>[&hellip;]<\/a><\/p>\n","protected":false},"author":3,"featured_media":0,"comment_status":"open","ping_status":"open","sticky":false,"template":"","format":"standard","meta":{"footnotes":""},"categories":[46,36,30],"tags":[70,264,358,170,146,356],"class_list":["post-4090","post","type-post","status-publish","format-standard","hentry","category-anbpr","category-anunturi","category-documente","tag-anbpr","tag-biblioteci-publice","tag-carantinare","tag-coalitia-pentru-educatie-digitala-anbpr-biblioteci","tag-ministerul-culturii","tag-relaxare-restrictii-covid"],"wppr_data":{"cwp_meta_box_check":"No"},"_links":{"self":[{"href":"https:\/\/anbpr.org.ro\/index.php\/wp-json\/wp\/v2\/posts\/4090","targetHints":{"allow":["GET"]}}],"collection":[{"href":"https:\/\/anbpr.org.ro\/index.php\/wp-json\/wp\/v2\/posts"}],"about":[{"href":"https:\/\/anbpr.org.ro\/index.php\/wp-json\/wp\/v2\/types\/post"}],"author":[{"embeddable":true,"href":"https:\/\/anbpr.org.ro\/index.php\/wp-json\/wp\/v2\/users\/3"}],"replies":[{"embeddable":true,"href":"https:\/\/anbpr.org.ro\/index.php\/wp-json\/wp\/v2\/comments?post=4090"}],"version-history":[{"count":2,"href":"https:\/\/anbpr.org.ro\/index.php\/wp-json\/wp\/v2\/posts\/4090\/revisions"}],"predecessor-version":[{"id":4096,"href":"https:\/\/anbpr.org.ro\/index.php\/wp-json\/wp\/v2\/posts\/4090\/revisions\/4096"}],"wp:attachment":[{"href":"https:\/\/anbpr.org.ro\/index.php\/wp-json\/wp\/v2\/media?parent=4090"}],"wp:term":[{"taxonomy":"category","embeddable":true,"href":"https:\/\/anbpr.org.ro\/index.php\/wp-json\/wp\/v2\/categories?post=4090"},{"taxonomy":"post_tag","embeddable":true,"href":"https:\/\/anbpr.org.ro\/index.php\/wp-json\/wp\/v2\/tags?post=4090"}],"curies":[{"name":"wp","href":"https:\/\/api.w.org\/{rel}","templated":true}]}}