{"id":4698,"date":"2022-11-10T19:55:00","date_gmt":"2022-11-10T17:55:00","guid":{"rendered":"https:\/\/anbpr.org.ro\/?p=4698"},"modified":"2022-11-16T20:03:57","modified_gmt":"2022-11-16T18:03:57","slug":"eveniment-tech-library-la-biblioteca-nationala-a-romaniei","status":"publish","type":"post","link":"https:\/\/anbpr.org.ro\/index.php\/eveniment-tech-library-la-biblioteca-nationala-a-romaniei\/","title":{"rendered":"Eveniment TECH.LIBRARY la Biblioteca Na\u021bional\u0103 a Rom\u00e2niei"},"content":{"rendered":"<div id='share-me'><ul class='share-left'><li><a href=\"http:\/\/www.facebook.com\/sharer.php?u=https:\/\/anbpr.org.ro\/index.php\/eveniment-tech-library-la-biblioteca-nationala-a-romaniei\/&t=Eveniment+TECH.LIBRARY+la+Biblioteca+Na%C8%9Bional%C4%83+a+Rom%C3%A2niei\" alt=\"Share on Facebook\" title=\"Share on Facebook\"   onclick=\"return smWindowpop(this.href,545,433)\"><img alt = \"\" src = \"https:\/\/anbpr.org.ro\/wp-content\/plugins\/share-me\/\/assets\/images\/cercle\/facebook.png\"  height=\"32px\"  width=\"32px\"><\/a><\/li><li><a href=\"http:\/\/twitter.com\/share?text=Eveniment+TECH.LIBRARY+la+Biblioteca+Na%C8%9Bional%C4%83+a+Rom%C3%A2niei-&url=https:\/\/anbpr.org.ro\/index.php\/eveniment-tech-library-la-biblioteca-nationala-a-romaniei\/&via=ANBPR - Asocia\u021bia Na\u021bional\u0103  a Bibliotecarilor \u0219i Bibliotecilor Publice din Rom\u00e2nia\" alt=\"Tweet This Post\" title=\"Tweet This Post\"  onclick=\"return smWindowpop(this.href,545,433)\"><img alt = \"\" src = \"https:\/\/anbpr.org.ro\/wp-content\/plugins\/share-me\/\/assets\/images\/cercle\/twitter.png\"  height=\"32px\"  width=\"32px\"><\/a><\/li><li><a href=\"https:\/\/plusone.google.com\/_\/+1\/confirm?hl=fr-FR&url=https:\/\/anbpr.org.ro\/index.php\/eveniment-tech-library-la-biblioteca-nationala-a-romaniei\/\" alt=\"Share on Google+\" title=\"Share on Google+\"  target=\"_blank\" onclick=\"return smWindowpop(this.href,545,433)\"><img alt = \"\" src = \"https:\/\/anbpr.org.ro\/wp-content\/plugins\/share-me\/\/assets\/images\/cercle\/googleplus.png\"  height=\"32px\"  width=\"32px\"><\/a><\/li><li><a href=\"http:\/\/www.tumblr.com\/share\/photo?source=&caption=Eveniment+TECH.LIBRARY+la+Biblioteca+Na%C8%9Bional%C4%83+a+Rom%C3%A2niei&clickthru=https%3A%2F%2Fanbpr.org.ro%2Findex.php%2Feveniment-tech-library-la-biblioteca-nationala-a-romaniei%2F\" title=\"Share on Tumblr\"  onclick=\"return smWindowpop(this.href,545,433)\"> <img alt = \"\" src = \"https:\/\/anbpr.org.ro\/wp-content\/plugins\/share-me\/\/assets\/images\/cercle\/tumblr.png\"  height=\"32px\"  width=\"32px\"><\/a><\/li><li><a href=\"http:\/\/www.linkedin.com\/shareArticle?mini=true&url=https:\/\/anbpr.org.ro\/index.php\/eveniment-tech-library-la-biblioteca-nationala-a-romaniei\/&title=Eveniment+TECH.LIBRARY+la+Biblioteca+Na%C8%9Bional%C4%83+a+Rom%C3%A2niei&source=ANBPR - Asocia\u021bia Na\u021bional\u0103  a Bibliotecarilor \u0219i Bibliotecilor Publice din Rom\u00e2nia\" onclick=\"return smWindowpop(this.href, 545,433)\"><img alt = \"\" src = \"https:\/\/anbpr.org.ro\/wp-content\/plugins\/share-me\/\/assets\/images\/cercle\/linkedin.png\"  height=\"32px\"  width=\"32px\"><\/a><\/li><li><a href=\"https:\/\/www.blogger.com\/blog-this.g?u=https:\/\/anbpr.org.ro\/index.php\/eveniment-tech-library-la-biblioteca-nationala-a-romaniei\/&n=Eveniment+TECH.LIBRARY+la+Biblioteca+Na%C8%9Bional%C4%83+a+Rom%C3%A2niei&t=ANBPR - Asocia\u021bia Na\u021bional\u0103  a Bibliotecarilor \u0219i Bibliotecilor Publice din Rom\u00e2nia\" alt=\"Share on Blogger\" title=\"Share on Blogger\" onclick=\"return smWindowpop(this.href, 545,433)\"><img alt = \"\" src = \"https:\/\/anbpr.org.ro\/wp-content\/plugins\/share-me\/\/assets\/images\/cercle\/blogger.png\"  height=\"32px\"  width=\"32px\"><\/a><\/li><\/ul><\/div><br\/>\n<p>Biblioteca Na\u021bional\u0103 a Rom\u00e5niei organizeaz\u0103 joi, 17 noiembrie 2022, \u00eencep\u00e2nd cu ora 16:00,<br>evenimentul de prezentare a rezultatelor proiectului \u201eTECH.LIBRARY. \u00cembun\u0103t\u0103\u021birea serviciilor<br>oferite de bibliotecile publice utilizatorilor cu deficien\u021be de vedere prin instrumente de instruire \u00een<br>domeniul TIC&#8221;, finan\u021bat \u00een cadrul programului Erasmus+ \u0219i implementat \u00een ultimii 2 ani de un<br>consor\u021biu format din institu\u021bii de cultur\u0103 din 6 \u021b\u0103ri: Italia, Slovenia, Bulgaria, Croa\u021bia, Letonia \u0219i<br>Rom\u00e2nia.<\/p>\n\n\n\n<p><\/p>\n\n\n\n<p>Invita\u021bia la eveniment este disponibil\u0103 <a href=\"http:\/\/anbpr.org.ro\/wp-content\/uploads\/2022\/11\/Invitatie-Tech-Library.pdf\">aici<\/a>.<\/p>\n","protected":false},"excerpt":{"rendered":"<p>Biblioteca Na\u021bional\u0103 a Rom\u00e5niei organizeaz\u0103 joi, 17 noiembrie 2022, \u00eencep\u00e2nd cu ora 16:00,evenimentul de prezentare a rezultatelor proiectului \u201eTECH.LIBRARY. \u00cembun\u0103t\u0103\u021birea serviciiloroferite de bibliotecile publice utilizatorilor cu deficien\u021be de vedere prin instrumente de instruire \u00eendomeniul TIC&#8221;, finan\u021bat \u00een cadrul programului Erasmus+ \u0219i implementat \u00een ultimii 2 ani de unconsor\u021biu format din institu\u021bii de cultur\u0103 din 6 <a href=\"https:\/\/anbpr.org.ro\/index.php\/eveniment-tech-library-la-biblioteca-nationala-a-romaniei\/\" rel=\"nofollow\"><span class=\"sr-only\">Read more about Eveniment TECH.LIBRARY la Biblioteca Na\u021bional\u0103 a Rom\u00e2niei<\/span>[&hellip;]<\/a><\/p>\n","protected":false},"author":3,"featured_media":0,"comment_status":"open","ping_status":"open","sticky":false,"template":"","format":"standard","meta":{"footnotes":""},"categories":[36,47,44,29],"tags":[76,63,78,224,192],"class_list":["post-4698","post","type-post","status-publish","format-standard","hentry","category-anunturi","category-biblioteci","category-erasmus","category-evenimente","tag-biblioteca-nationala-a-romaniei","tag-biblioteci","tag-erasmus","tag-parteneriate-strategice","tag-proiecte"],"wppr_data":{"cwp_meta_box_check":"No"},"_links":{"self":[{"href":"https:\/\/anbpr.org.ro\/index.php\/wp-json\/wp\/v2\/posts\/4698","targetHints":{"allow":["GET"]}}],"collection":[{"href":"https:\/\/anbpr.org.ro\/index.php\/wp-json\/wp\/v2\/posts"}],"about":[{"href":"https:\/\/anbpr.org.ro\/index.php\/wp-json\/wp\/v2\/types\/post"}],"author":[{"embeddable":true,"href":"https:\/\/anbpr.org.ro\/index.php\/wp-json\/wp\/v2\/users\/3"}],"replies":[{"embeddable":true,"href":"https:\/\/anbpr.org.ro\/index.php\/wp-json\/wp\/v2\/comments?post=4698"}],"version-history":[{"count":2,"href":"https:\/\/anbpr.org.ro\/index.php\/wp-json\/wp\/v2\/posts\/4698\/revisions"}],"predecessor-version":[{"id":4704,"href":"https:\/\/anbpr.org.ro\/index.php\/wp-json\/wp\/v2\/posts\/4698\/revisions\/4704"}],"wp:attachment":[{"href":"https:\/\/anbpr.org.ro\/index.php\/wp-json\/wp\/v2\/media?parent=4698"}],"wp:term":[{"taxonomy":"category","embeddable":true,"href":"https:\/\/anbpr.org.ro\/index.php\/wp-json\/wp\/v2\/categories?post=4698"},{"taxonomy":"post_tag","embeddable":true,"href":"https:\/\/anbpr.org.ro\/index.php\/wp-json\/wp\/v2\/tags?post=4698"}],"curies":[{"name":"wp","href":"https:\/\/api.w.org\/{rel}","templated":true}]}}