{"id":5216,"date":"2023-08-10T13:26:25","date_gmt":"2023-08-10T10:26:25","guid":{"rendered":"https:\/\/anbpr.org.ro\/?p=5216"},"modified":"2023-08-10T13:45:20","modified_gmt":"2023-08-10T10:45:20","slug":"memoriu-pentru-apararea-bibliotecilor-impotriva-oug-a-austeritatii-care-pune-in-pericol-functionarea-institutiilor-publice-de-cultura","status":"publish","type":"post","link":"https:\/\/anbpr.org.ro\/index.php\/memoriu-pentru-apararea-bibliotecilor-impotriva-oug-a-austeritatii-care-pune-in-pericol-functionarea-institutiilor-publice-de-cultura\/","title":{"rendered":"Memoriu pentru ap\u0103rarea bibliotecilor \u00eempotriva &#8222;OUG a austerit\u0103\u021bii&#8221;, care pune \u00een pericol func\u021bionarea institu\u021biilor publice de cultur\u0103"},"content":{"rendered":"<div id='share-me'><ul class='share-left'><li><a href=\"http:\/\/www.facebook.com\/sharer.php?u=https:\/\/anbpr.org.ro\/index.php\/memoriu-pentru-apararea-bibliotecilor-impotriva-oug-a-austeritatii-care-pune-in-pericol-functionarea-institutiilor-publice-de-cultura\/&t=Memoriu+pentru+ap%C4%83rarea+bibliotecilor+%C3%AEmpotriva+%26%238222%3BOUG+a+austerit%C4%83%C8%9Bii%26%238221%3B%2C+care+pune+%C3%AEn+pericol+func%C8%9Bionarea+institu%C8%9Biilor+publice+de+cultur%C4%83\" alt=\"Share on Facebook\" title=\"Share on Facebook\"   onclick=\"return smWindowpop(this.href,545,433)\"><img alt = \"\" src = \"https:\/\/anbpr.org.ro\/wp-content\/plugins\/share-me\/\/assets\/images\/cercle\/facebook.png\"  height=\"32px\"  width=\"32px\"><\/a><\/li><li><a href=\"http:\/\/twitter.com\/share?text=Memoriu+pentru+ap%C4%83rarea+bibliotecilor+%C3%AEmpotriva+%26%238222%3BOUG+a+austerit%C4%83%C8%9Bii%26%238221%3B%2C+care+pune+%C3%AEn+pericol+func%C8%9Bionarea+institu%C8%9Biilor+publice+de+cultur%C4%83-&url=https:\/\/anbpr.org.ro\/index.php\/memoriu-pentru-apararea-bibliotecilor-impotriva-oug-a-austeritatii-care-pune-in-pericol-functionarea-institutiilor-publice-de-cultura\/&via=ANBPR - Asocia\u021bia Na\u021bional\u0103  a Bibliotecarilor \u0219i Bibliotecilor Publice din Rom\u00e2nia\" alt=\"Tweet This Post\" title=\"Tweet This Post\"  onclick=\"return smWindowpop(this.href,545,433)\"><img alt = \"\" src = \"https:\/\/anbpr.org.ro\/wp-content\/plugins\/share-me\/\/assets\/images\/cercle\/twitter.png\"  height=\"32px\"  width=\"32px\"><\/a><\/li><li><a href=\"https:\/\/plusone.google.com\/_\/+1\/confirm?hl=fr-FR&url=https:\/\/anbpr.org.ro\/index.php\/memoriu-pentru-apararea-bibliotecilor-impotriva-oug-a-austeritatii-care-pune-in-pericol-functionarea-institutiilor-publice-de-cultura\/\" alt=\"Share on Google+\" title=\"Share on Google+\"  target=\"_blank\" onclick=\"return smWindowpop(this.href,545,433)\"><img alt = \"\" src = \"https:\/\/anbpr.org.ro\/wp-content\/plugins\/share-me\/\/assets\/images\/cercle\/googleplus.png\"  height=\"32px\"  width=\"32px\"><\/a><\/li><li><a href=\"http:\/\/www.tumblr.com\/share\/photo?source=&caption=Memoriu+pentru+ap%C4%83rarea+bibliotecilor+%C3%AEmpotriva+%26%238222%3BOUG+a+austerit%C4%83%C8%9Bii%26%238221%3B%2C+care+pune+%C3%AEn+pericol+func%C8%9Bionarea+institu%C8%9Biilor+publice+de+cultur%C4%83&clickthru=https%3A%2F%2Fanbpr.org.ro%2Findex.php%2Fmemoriu-pentru-apararea-bibliotecilor-impotriva-oug-a-austeritatii-care-pune-in-pericol-functionarea-institutiilor-publice-de-cultura%2F\" title=\"Share on Tumblr\"  onclick=\"return smWindowpop(this.href,545,433)\"> <img alt = \"\" src = \"https:\/\/anbpr.org.ro\/wp-content\/plugins\/share-me\/\/assets\/images\/cercle\/tumblr.png\"  height=\"32px\"  width=\"32px\"><\/a><\/li><li><a href=\"http:\/\/www.linkedin.com\/shareArticle?mini=true&url=https:\/\/anbpr.org.ro\/index.php\/memoriu-pentru-apararea-bibliotecilor-impotriva-oug-a-austeritatii-care-pune-in-pericol-functionarea-institutiilor-publice-de-cultura\/&title=Memoriu+pentru+ap%C4%83rarea+bibliotecilor+%C3%AEmpotriva+%26%238222%3BOUG+a+austerit%C4%83%C8%9Bii%26%238221%3B%2C+care+pune+%C3%AEn+pericol+func%C8%9Bionarea+institu%C8%9Biilor+publice+de+cultur%C4%83&source=ANBPR - Asocia\u021bia Na\u021bional\u0103  a Bibliotecarilor \u0219i Bibliotecilor Publice din Rom\u00e2nia\" onclick=\"return smWindowpop(this.href, 545,433)\"><img alt = \"\" src = \"https:\/\/anbpr.org.ro\/wp-content\/plugins\/share-me\/\/assets\/images\/cercle\/linkedin.png\"  height=\"32px\"  width=\"32px\"><\/a><\/li><li><a href=\"https:\/\/www.blogger.com\/blog-this.g?u=https:\/\/anbpr.org.ro\/index.php\/memoriu-pentru-apararea-bibliotecilor-impotriva-oug-a-austeritatii-care-pune-in-pericol-functionarea-institutiilor-publice-de-cultura\/&n=Memoriu+pentru+ap%C4%83rarea+bibliotecilor+%C3%AEmpotriva+%26%238222%3BOUG+a+austerit%C4%83%C8%9Bii%26%238221%3B%2C+care+pune+%C3%AEn+pericol+func%C8%9Bionarea+institu%C8%9Biilor+publice+de+cultur%C4%83&t=ANBPR - Asocia\u021bia Na\u021bional\u0103  a Bibliotecarilor \u0219i Bibliotecilor Publice din Rom\u00e2nia\" alt=\"Share on Blogger\" title=\"Share on Blogger\" onclick=\"return smWindowpop(this.href, 545,433)\"><img alt = \"\" src = \"https:\/\/anbpr.org.ro\/wp-content\/plugins\/share-me\/\/assets\/images\/cercle\/blogger.png\"  height=\"32px\"  width=\"32px\"><\/a><\/li><\/ul><\/div><br\/>\n<p><img loading=\"lazy\" decoding=\"async\" width=\"450\" height=\"369\" class=\"wp-image-1480\" style=\"width: 450px;\" src=\"http:\/\/anbpr.org.ro\/wp-content\/uploads\/2017\/09\/cropped-cropped-cropped-cropped-ANBPR-1.png\" alt=\"\" srcset=\"https:\/\/anbpr.org.ro\/wp-content\/uploads\/2017\/09\/cropped-cropped-cropped-cropped-ANBPR-1.png 3698w, https:\/\/anbpr.org.ro\/wp-content\/uploads\/2017\/09\/cropped-cropped-cropped-cropped-ANBPR-1-300x246.png 300w, https:\/\/anbpr.org.ro\/wp-content\/uploads\/2017\/09\/cropped-cropped-cropped-cropped-ANBPR-1-768x629.png 768w, https:\/\/anbpr.org.ro\/wp-content\/uploads\/2017\/09\/cropped-cropped-cropped-cropped-ANBPR-1-1024x839.png 1024w\" sizes=\"auto, (max-width: 450px) 100vw, 450px\" \/><\/p>\n\n\n\n<p>Ca urmare a inten\u021biei de promulgare a <em>ORDONAN\u021aEI DE URGEN\u021a\u0102 privind unele m\u0103suri fiscal bugetare \u00een domeniul cheltuielilor publice, descentralizarea serviciilor publice, disciplin\u0103 economico-financiar\u0103<\/em>, <em>precum \u0219i pentru modificarea \u0219i completarea unor acte normative,<\/em> supranumit\u0103 simbolic <strong>\u201cOUG a austerit\u0103\u021bii<\/strong>\u201d, \u00a0aflate momentan \u00een proiect, conducerea ANBPR a \u00eentocmit un <strong>Memoriu<\/strong> care fundamenteaz\u0103 importan\u021ba bibliotecilor \u0219i solicit\u0103 \u00een\u021belegerea \u0219i sprijinul pentru includerea unui amendament la prezenta OUG, \u00een scopul de a evita producerea unei crize f\u0103r\u0103 precedent a bibliotecilor publice din Rom\u00e2nia.<\/p>\n\n\n\n<p>\u00cen forma actual\u0103, \u201cOUG a austerit\u0103\u021bii\u201d &nbsp;prevede ca institu\u021biile publice cu personalitate juridic\u0103 care nu au minim 50 de posturi aprobate \u0219i efectiv ocupate \u0219i&nbsp; respectiv activit\u0103\u021bile desf\u0103\u0219urate de acestea nu se suprapun peste sau sunt similare cu alte activit\u0103\u021bi desf\u0103\u0219urate de alte institu\u021bii publice cu obiect de activitate acela\u0219i sau similar vor fi comasate \/ desfiin\u021bate \/ reorganizate sau vor fuziona sau vor transfera activitatea altor structuri.<\/p>\n\n\n\n<p>Punctele centrale ale <strong>Memoriului ANBPR <\/strong>se refer\u0103 la solicitarea de a introduce un amendament care s\u0103 evite o situa\u021bie dramatic\u0103, aceea a transform\u0103rii sistemului de biblioteci \u00eentr-unul cu totul disfunc\u021bional; de asemenea, se atrage aten\u021bia asupra implica\u021biilor pe care proiectul OUG le poate avea asupra posturilor unice din biblioteci, care ar atrage dup\u0103 sine consecin\u021be grave&nbsp; \u00een func\u021bionarea acestora, inclusiv desfiin\u021barea bibliotecilor mici, cu un singur angajat, ce ar genera anularea singurei&nbsp; surse&nbsp; de&nbsp; informare&nbsp; \u0219i&nbsp; lectur\u0103&nbsp; pe&nbsp; care&nbsp; statul&nbsp; o ofer\u0103&nbsp; comunit\u0103\u021bilor respective; &nbsp;se atrage aten\u021bia c\u0103 preciz\u0103rile Art. XX sunt \u00een total dezacord cu prevederile Legii Nr. 334\/2002 &#8211; Legea bibliotecilor \u0219i vor conduce la desfiin\u021barea bibliotecilor jude\u021bene, pentru c\u0103 precizarea de la alineatul&nbsp; (1)&nbsp; nu&nbsp; \u021bine&nbsp; cont&nbsp; de&nbsp; m\u0103rimea&nbsp; jude\u021belor&nbsp; Rom\u00e2niei&nbsp; \u0219i&nbsp; de&nbsp; popula\u021bia&nbsp; deservit\u0103&nbsp; de bibliotecile publice; se solicit\u0103 exceptarea bibliotecilor publice de la prevederile art. XX, pct. 2 deoarece Legea bibliotecilor&nbsp; nr.&nbsp; 334\/2002,&nbsp;&nbsp;&nbsp; Art.&nbsp;&nbsp;&nbsp; 7&nbsp;&nbsp;&nbsp; stipuleaz\u0103&nbsp; c\u0103&nbsp;&nbsp;&nbsp; \u201dBibliotecile&nbsp; de&nbsp; drept&nbsp; public&nbsp; pot fi desfiin\u0163ate&nbsp; \u00een&nbsp; cazul&nbsp; \u00eencet\u0103rii&nbsp; activit\u0103\u0163ii&nbsp; autorit\u0103\u0163ilor&nbsp; sau&nbsp; institu\u0163iilor&nbsp; care&nbsp; le-au&nbsp; \u00eenfiin\u0163at&nbsp; sau finan\u0163at,&nbsp; numai&nbsp; \u00een&nbsp; condi\u0163iile&nbsp; prelu\u0103rii&nbsp; patrimoniului&nbsp; lor&nbsp; de&nbsp; c\u0103tre&nbsp; o&nbsp; alt\u0103&nbsp; bibliotec\u0103&nbsp; de&nbsp; drept public, cu respectarea legisla\u0163iei \u00een vigoare, etc.<\/p>\n\n\n\n<p>Memoriul este semnat \u0219i asumat de Pre\u0219edintele ANBPR, Drago\u0219-Adrian Neagu, \u0219i de marea majoritate a managerilor de biblioteci jude\u021bene din \u021bar\u0103.<\/p>\n\n\n\n<p><a href=\"http:\/\/anbpr.org.ro\/wp-content\/uploads\/2023\/08\/Adresa-prim-ministru.pdf\">Memoriu ANBPR depus la Guvernul Rom\u00e2nie<\/a>i<\/p>\n\n\n\n<p><a href=\"http:\/\/anbpr.org.ro\/wp-content\/uploads\/2023\/08\/Adresa-ministrul-culturii.pdf\">Memoriu ANBPR depus la Ministerul Culturii<\/a><\/p>\n\n\n\n<p><a href=\"http:\/\/anbpr.org.ro\/wp-content\/uploads\/2023\/08\/Adresa-ministrul-de-finante.pdf\">Memoriu ANBPR depus la Ministerul Finan\u021belor<\/a><\/p>\n\n\n\n<p><strong>Extras din proiectul \u201cOUG a austerit\u0103\u021bii\u201d:<\/strong><\/p>\n\n\n\n<p>&#8222;<em>Art. XX (1) \u00cencep\u00e2nd cu data de 1 ianuarie 2024 institu\u021biile publice cu personalitate juridic\u0103 aflate \u00een coordonarea\/subordonarea\/autoritatea autorit\u0103\u021bilor publice centrale\/jude\u021bene sau locale \u00ee\u0219i pot desf\u0103\u0219ura activitatea dac\u0103 \u00eendeplinesc urm\u0103toarele condi\u021bii cumulative:<\/em><\/p>\n\n\n\n<p><em>a) Au un num\u0103r de peste 50 de posturi aprobate conform legii \u0219i efectiv ocupate \u00een structurile organizatorice;<\/em><\/p>\n\n\n\n<p><em>b) Activit\u0103\u021bile desf\u0103\u0219urate de institu\u021biile publice nu se suprapun peste sau sunt similare cu alte activit\u0103\u021bi desf\u0103\u0219urate de alte institu\u021bii publice cu obiect de activitate acela\u0219i sau similar;<\/em><\/p>\n\n\n\n<p><em>(2) Institu\u021biile publice care nu \u00eendeplinesc condi\u021biile prev\u0103zute la alin.(1) se pot comasa\/desfiin\u021ba\/reorganiza\/fuziona sau transfera activitatea \u0219i personalul \u00eencadrat c\u0103tre alte structuri organizatorice inclusiv c\u0103tre structurile organizatorice aflate \u00een coordonarea\/autoritatea\/ subordonarea autorit\u0103\u021bilor publice locale prin modificarea corespunz\u0103toare a num\u0103rului de posturi, organigramei \u0219i a regulamentelor de organizare \u0219i func\u021bionare;<\/em><\/p>\n\n\n\n<p><em>(3) Prin comasare\/desfiin\u021bare\/reorganizare\/fuzionare sau transfer a activit\u0103\u021bii c\u0103tre alte structuri organizatorice inclusiv c\u0103tre structurile organizatorice aflate \u00een coordonarea\/autoritatea\/subordonarea autorit\u0103\u021bilor publice locale trebuie&nbsp; s\u0103 rezulte cel pu\u021bin urm\u0103toarele condi\u021bii cumulative:<\/em><\/p>\n\n\n\n<p><em>a) o reducere cu cel pu\u021bin 15% a num\u0103rului de personal propor\u021bional at\u00e2t pentru func\u021biile de conducere c\u00e2t \u0219i pentru func\u021biile de execu\u021bie;<\/em><\/p>\n\n\n\n<p><em>&nbsp;b) o reducere cu cel pu\u021bin 15% a cheltuielilor de func\u021bionare, respectiv a cheltuielilor materiale \u0219i servicii;<\/em><\/p>\n\n\n\n<p><em>(4) Forma prin care se reorganizeaz\u0103 institu\u021biile publice care nu \u00eendeplinesc condi\u021biile prev\u0103zute la alin.(1) respectiv: comasare\/desfiin\u021bare\/reorganizare \/fuzionare sau transfer de activitate \u0219i num\u0103r de personal se aprob\u0103 prin hot\u0103r\u00e2ri ale Guvernului Rom\u00e2niei sau dup\u0103 caz prin hot\u0103r\u00e2ri ale autorit\u0103\u021bilor publice locale\/jude\u021bene dup\u0103 caz;<\/em><\/p>\n\n\n\n<p><em>(5) Personalul disponibilizat ca urmare a reorganiz\u0103rii activit\u0103\u021bii institu\u021biilor publice prev\u0103zute la alin.(1) beneficiaz\u0103 de toate drepturile legale salariale prev\u0103zute de lege;<\/em><\/p>\n\n\n\n<p><em>(6) Conduc\u0103torii institu\u021biilor publice care au \u00een subordine\/coordonare\/autoritate institu\u021bii publice c\u0103rora le sunt incidente prevederile alin.(1) au obliga\u021bia de a aproba noile organigrame, regulamente de organizare \u0219i func\u021bionare \u0219i s\u0103 ia alte m\u0103suri prev\u0103zute de lege p\u00e2n\u0103 la data de 31&nbsp;decembrie&nbsp;2023;<\/em>&#8222;<\/p>\n","protected":false},"excerpt":{"rendered":"<p>Ca urmare a inten\u021biei de promulgare a ORDONAN\u021aEI DE URGEN\u021a\u0102 privind unele m\u0103suri fiscal bugetare \u00een domeniul cheltuielilor publice, descentralizarea serviciilor publice, disciplin\u0103 economico-financiar\u0103, precum \u0219i pentru modificarea \u0219i completarea unor acte normative, supranumit\u0103 simbolic \u201cOUG a austerit\u0103\u021bii\u201d, \u00a0aflate momentan \u00een proiect, conducerea ANBPR a \u00eentocmit un Memoriu care fundamenteaz\u0103 importan\u021ba bibliotecilor \u0219i solicit\u0103 \u00een\u021belegerea <a href=\"https:\/\/anbpr.org.ro\/index.php\/memoriu-pentru-apararea-bibliotecilor-impotriva-oug-a-austeritatii-care-pune-in-pericol-functionarea-institutiilor-publice-de-cultura\/\" rel=\"nofollow\"><span class=\"sr-only\">Read more about Memoriu pentru ap\u0103rarea bibliotecilor \u00eempotriva &#8222;OUG a austerit\u0103\u021bii&#8221;, care pune \u00een pericol func\u021bionarea institu\u021biilor publice de cultur\u0103<\/span>[&hellip;]<\/a><\/p>\n","protected":false},"author":3,"featured_media":0,"comment_status":"open","ping_status":"open","sticky":false,"template":"","format":"standard","meta":{"footnotes":""},"categories":[46,30],"tags":[70,651,63,654,653,647,649,650,646,659,658,146,657,645,656,652,655],"class_list":["post-5216","post","type-post","status-publish","format-standard","hentry","category-anbpr","category-documente","tag-anbpr","tag-austeritate","tag-biblioteci","tag-comasare","tag-desfiintare-institutii-publice","tag-guvern","tag-legea-bibliotecilor","tag-masuri-fiscal-bugetare","tag-memoriu","tag-memoriu-anbpr","tag-memoriu-pentru-biblioteci","tag-ministerul-culturii","tag-ministerul-finantelor","tag-oug-a-austeritatii","tag-posturi","tag-reduceri-personal","tag-reorganizare"],"wppr_data":{"cwp_meta_box_check":"No"},"_links":{"self":[{"href":"https:\/\/anbpr.org.ro\/index.php\/wp-json\/wp\/v2\/posts\/5216","targetHints":{"allow":["GET"]}}],"collection":[{"href":"https:\/\/anbpr.org.ro\/index.php\/wp-json\/wp\/v2\/posts"}],"about":[{"href":"https:\/\/anbpr.org.ro\/index.php\/wp-json\/wp\/v2\/types\/post"}],"author":[{"embeddable":true,"href":"https:\/\/anbpr.org.ro\/index.php\/wp-json\/wp\/v2\/users\/3"}],"replies":[{"embeddable":true,"href":"https:\/\/anbpr.org.ro\/index.php\/wp-json\/wp\/v2\/comments?post=5216"}],"version-history":[{"count":9,"href":"https:\/\/anbpr.org.ro\/index.php\/wp-json\/wp\/v2\/posts\/5216\/revisions"}],"predecessor-version":[{"id":5231,"href":"https:\/\/anbpr.org.ro\/index.php\/wp-json\/wp\/v2\/posts\/5216\/revisions\/5231"}],"wp:attachment":[{"href":"https:\/\/anbpr.org.ro\/index.php\/wp-json\/wp\/v2\/media?parent=5216"}],"wp:term":[{"taxonomy":"category","embeddable":true,"href":"https:\/\/anbpr.org.ro\/index.php\/wp-json\/wp\/v2\/categories?post=5216"},{"taxonomy":"post_tag","embeddable":true,"href":"https:\/\/anbpr.org.ro\/index.php\/wp-json\/wp\/v2\/tags?post=5216"}],"curies":[{"name":"wp","href":"https:\/\/api.w.org\/{rel}","templated":true}]}}