{"id":5412,"date":"2024-05-21T19:05:34","date_gmt":"2024-05-21T16:05:34","guid":{"rendered":"https:\/\/anbpr.org.ro\/?p=5412"},"modified":"2024-05-21T19:08:59","modified_gmt":"2024-05-21T16:08:59","slug":"anbpr-disability-summit-la-palatul-parlamentului","status":"publish","type":"post","link":"https:\/\/anbpr.org.ro\/index.php\/anbpr-disability-summit-la-palatul-parlamentului\/","title":{"rendered":"ANBPR: DisAbility Summit, la Palatul Parlamentului"},"content":{"rendered":"<div id='share-me'><ul class='share-left'><li><a href=\"http:\/\/www.facebook.com\/sharer.php?u=https:\/\/anbpr.org.ro\/index.php\/anbpr-disability-summit-la-palatul-parlamentului\/&t=ANBPR%3A+DisAbility+Summit%2C+la+Palatul+Parlamentului\" alt=\"Share on Facebook\" title=\"Share on Facebook\"   onclick=\"return smWindowpop(this.href,545,433)\"><img alt = \"\" src = \"https:\/\/anbpr.org.ro\/wp-content\/plugins\/share-me\/\/assets\/images\/cercle\/facebook.png\"  height=\"32px\"  width=\"32px\"><\/a><\/li><li><a href=\"http:\/\/twitter.com\/share?text=ANBPR%3A+DisAbility+Summit%2C+la+Palatul+Parlamentului-&url=https:\/\/anbpr.org.ro\/index.php\/anbpr-disability-summit-la-palatul-parlamentului\/&via=ANBPR - Asocia\u021bia Na\u021bional\u0103  a Bibliotecarilor \u0219i Bibliotecilor Publice din Rom\u00e2nia\" alt=\"Tweet This Post\" title=\"Tweet This Post\"  onclick=\"return smWindowpop(this.href,545,433)\"><img alt = \"\" src = \"https:\/\/anbpr.org.ro\/wp-content\/plugins\/share-me\/\/assets\/images\/cercle\/twitter.png\"  height=\"32px\"  width=\"32px\"><\/a><\/li><li><a href=\"https:\/\/plusone.google.com\/_\/+1\/confirm?hl=fr-FR&url=https:\/\/anbpr.org.ro\/index.php\/anbpr-disability-summit-la-palatul-parlamentului\/\" alt=\"Share on Google+\" title=\"Share on Google+\"  target=\"_blank\" onclick=\"return smWindowpop(this.href,545,433)\"><img alt = \"\" src = \"https:\/\/anbpr.org.ro\/wp-content\/plugins\/share-me\/\/assets\/images\/cercle\/googleplus.png\"  height=\"32px\"  width=\"32px\"><\/a><\/li><li><a href=\"http:\/\/www.tumblr.com\/share\/photo?source=&caption=ANBPR%3A+DisAbility+Summit%2C+la+Palatul+Parlamentului&clickthru=https%3A%2F%2Fanbpr.org.ro%2Findex.php%2Fanbpr-disability-summit-la-palatul-parlamentului%2F\" title=\"Share on Tumblr\"  onclick=\"return smWindowpop(this.href,545,433)\"> <img alt = \"\" src = \"https:\/\/anbpr.org.ro\/wp-content\/plugins\/share-me\/\/assets\/images\/cercle\/tumblr.png\"  height=\"32px\"  width=\"32px\"><\/a><\/li><li><a href=\"http:\/\/www.linkedin.com\/shareArticle?mini=true&url=https:\/\/anbpr.org.ro\/index.php\/anbpr-disability-summit-la-palatul-parlamentului\/&title=ANBPR%3A+DisAbility+Summit%2C+la+Palatul+Parlamentului&source=ANBPR - Asocia\u021bia Na\u021bional\u0103  a Bibliotecarilor \u0219i Bibliotecilor Publice din Rom\u00e2nia\" onclick=\"return smWindowpop(this.href, 545,433)\"><img alt = \"\" src = \"https:\/\/anbpr.org.ro\/wp-content\/plugins\/share-me\/\/assets\/images\/cercle\/linkedin.png\"  height=\"32px\"  width=\"32px\"><\/a><\/li><li><a href=\"https:\/\/www.blogger.com\/blog-this.g?u=https:\/\/anbpr.org.ro\/index.php\/anbpr-disability-summit-la-palatul-parlamentului\/&n=ANBPR%3A+DisAbility+Summit%2C+la+Palatul+Parlamentului&t=ANBPR - Asocia\u021bia Na\u021bional\u0103  a Bibliotecarilor \u0219i Bibliotecilor Publice din Rom\u00e2nia\" alt=\"Share on Blogger\" title=\"Share on Blogger\" onclick=\"return smWindowpop(this.href, 545,433)\"><img alt = \"\" src = \"https:\/\/anbpr.org.ro\/wp-content\/plugins\/share-me\/\/assets\/images\/cercle\/blogger.png\"  height=\"32px\"  width=\"32px\"><\/a><\/li><\/ul><\/div><br\/>\n<p><img loading=\"lazy\" decoding=\"async\" width=\"445\" height=\"334\" class=\"wp-image-5414\" style=\"width: 445px;\" src=\"http:\/\/anbpr.org.ro\/wp-content\/uploads\/2024\/05\/DisAbility_Summit.jpg\" alt=\"\" srcset=\"https:\/\/anbpr.org.ro\/wp-content\/uploads\/2024\/05\/DisAbility_Summit.jpg 1600w, https:\/\/anbpr.org.ro\/wp-content\/uploads\/2024\/05\/DisAbility_Summit-300x225.jpg 300w, https:\/\/anbpr.org.ro\/wp-content\/uploads\/2024\/05\/DisAbility_Summit-1024x768.jpg 1024w, https:\/\/anbpr.org.ro\/wp-content\/uploads\/2024\/05\/DisAbility_Summit-768x576.jpg 768w, https:\/\/anbpr.org.ro\/wp-content\/uploads\/2024\/05\/DisAbility_Summit-1536x1152.jpg 1536w, https:\/\/anbpr.org.ro\/wp-content\/uploads\/2024\/05\/DisAbility_Summit-50x38.jpg 50w, https:\/\/anbpr.org.ro\/wp-content\/uploads\/2024\/05\/DisAbility_Summit-285x214.jpg 285w\" sizes=\"auto, (max-width: 445px) 100vw, 445px\" \/><img loading=\"lazy\" decoding=\"async\" width=\"250\" height=\"333\" class=\"wp-image-5415\" style=\"width: 250px;\" src=\"http:\/\/anbpr.org.ro\/wp-content\/uploads\/2024\/05\/DisabilitySummit_ioana.jpg\" alt=\"\" srcset=\"https:\/\/anbpr.org.ro\/wp-content\/uploads\/2024\/05\/DisabilitySummit_ioana.jpg 1200w, https:\/\/anbpr.org.ro\/wp-content\/uploads\/2024\/05\/DisabilitySummit_ioana-225x300.jpg 225w, https:\/\/anbpr.org.ro\/wp-content\/uploads\/2024\/05\/DisabilitySummit_ioana-768x1024.jpg 768w, https:\/\/anbpr.org.ro\/wp-content\/uploads\/2024\/05\/DisabilitySummit_ioana-1152x1536.jpg 1152w, https:\/\/anbpr.org.ro\/wp-content\/uploads\/2024\/05\/DisabilitySummit_ioana-38x50.jpg 38w\" sizes=\"auto, (max-width: 250px) 100vw, 250px\" \/><\/p>\n\n\n\n<p>Vineri, 17 mai 2024, ANBPR, prin persoana Directorului Executiv Ioana Crihana, a luat parte la cea de-a treia edi\u021bie a Business DisAbility Summit, g\u0103zduit\u0103 la Palatul Parlamentului.<\/p>\n\n\n\n<h3 class=\"wp-block-heading\">Un Eveniment care pune accentul pe Accesibilitate, Incluziune \u0219i Sustenabilitate<\/h3>\n\n\n\n<p>Ajuns la cea de-a treia edi\u021bie, <strong>Business DisAbility Summit<\/strong> este un eveniment de referin\u021b\u0103 \u00een domeniul accesibilit\u0103\u021bii, incluziunii \u0219i sustenabilit\u0103\u021bii care a reunit lideri \u0219i exper\u021bi preocupa\u021bi de nevoile grupurilor vulnerabile, pentru a discuta subiecte esen\u021biale legate de diversitate \u0219i incluziune.<\/p>\n\n\n\n<p>Principalul obiectiv al conferin\u021bei a fost acela de a sublinia importan\u021ba cre\u0103rii unei pie\u021be comerciale autentice \u0219i incluzive, care s\u0103 valorizeze accesibilitatea \u0219i sustenabilitatea. Pe parcursul \u00eentregii zile, participan\u021bii au avut ocazia s\u0103 asculte prezent\u0103ri inspirate \u0219i s\u0103 participe la schimburi de experien\u021b\u0103, sus\u021binute de vorbitori cu \u0219i f\u0103r\u0103 dizabilit\u0103\u021bi. Ace\u0219tia au \u00eemp\u0103rt\u0103\u0219it bune practici inspira\u021bionale \u0219i au adus la ramp\u0103 aspecte legate de inova\u021bie \u0219i cre\u0219terea sustenabil\u0103 \u00een mediul de afaceri.<\/p>\n\n\n\n<p><strong>Business DisAbility Summit<\/strong> nu este doar o platform\u0103 pentru explorarea temelor legate de diversitate \u0219i incluziune, ci \u0219i o strategie eficient\u0103 pentru consolidarea reputa\u021biei companiilor \u0219i a institu\u021biilor preocupate de incluziune. Participarea ANBPR la acest eveniment a reprezentat o dovad\u0103 concret\u0103 a angajamentului Asocia\u021biei fa\u021b\u0103 de valorile incluziunii \u0219i diversit\u0103\u021bii.<\/p>\n\n\n\n<p><\/p>\n","protected":false},"excerpt":{"rendered":"<p>Vineri, 17 mai 2024, ANBPR, prin persoana Directorului Executiv Ioana Crihana, a luat parte la cea de-a treia edi\u021bie a Business DisAbility Summit, g\u0103zduit\u0103 la Palatul Parlamentului. Un Eveniment care pune accentul pe Accesibilitate, Incluziune \u0219i Sustenabilitate Ajuns la cea de-a treia edi\u021bie, Business DisAbility Summit este un eveniment de referin\u021b\u0103 \u00een domeniul accesibilit\u0103\u021bii, incluziunii <a href=\"https:\/\/anbpr.org.ro\/index.php\/anbpr-disability-summit-la-palatul-parlamentului\/\" rel=\"nofollow\"><span class=\"sr-only\">Read more about ANBPR: DisAbility Summit, la Palatul Parlamentului<\/span>[&hellip;]<\/a><\/p>\n","protected":false},"author":3,"featured_media":0,"comment_status":"open","ping_status":"open","sticky":false,"template":"","format":"standard","meta":{"footnotes":""},"categories":[46,36,6,29,21],"tags":[70,693,382,695,694],"class_list":["post-5412","post","type-post","status-publish","format-standard","hentry","category-anbpr","category-anunturi","category-conferinte","category-evenimente","category-parteneriate","tag-anbpr","tag-diversitate","tag-incluziune","tag-summit","tag-sustenabilitate"],"wppr_data":{"cwp_meta_box_check":"No"},"_links":{"self":[{"href":"https:\/\/anbpr.org.ro\/index.php\/wp-json\/wp\/v2\/posts\/5412","targetHints":{"allow":["GET"]}}],"collection":[{"href":"https:\/\/anbpr.org.ro\/index.php\/wp-json\/wp\/v2\/posts"}],"about":[{"href":"https:\/\/anbpr.org.ro\/index.php\/wp-json\/wp\/v2\/types\/post"}],"author":[{"embeddable":true,"href":"https:\/\/anbpr.org.ro\/index.php\/wp-json\/wp\/v2\/users\/3"}],"replies":[{"embeddable":true,"href":"https:\/\/anbpr.org.ro\/index.php\/wp-json\/wp\/v2\/comments?post=5412"}],"version-history":[{"count":2,"href":"https:\/\/anbpr.org.ro\/index.php\/wp-json\/wp\/v2\/posts\/5412\/revisions"}],"predecessor-version":[{"id":5417,"href":"https:\/\/anbpr.org.ro\/index.php\/wp-json\/wp\/v2\/posts\/5412\/revisions\/5417"}],"wp:attachment":[{"href":"https:\/\/anbpr.org.ro\/index.php\/wp-json\/wp\/v2\/media?parent=5412"}],"wp:term":[{"taxonomy":"category","embeddable":true,"href":"https:\/\/anbpr.org.ro\/index.php\/wp-json\/wp\/v2\/categories?post=5412"},{"taxonomy":"post_tag","embeddable":true,"href":"https:\/\/anbpr.org.ro\/index.php\/wp-json\/wp\/v2\/tags?post=5412"}],"curies":[{"name":"wp","href":"https:\/\/api.w.org\/{rel}","templated":true}]}}