{"id":604,"date":"2012-05-03T10:42:30","date_gmt":"2012-05-03T07:42:30","guid":{"rendered":"http:\/\/anbpr.s-a-f.ro\/?p=604"},"modified":"2017-03-22T10:44:48","modified_gmt":"2017-03-22T08:44:48","slug":"impactul-transformator-al-bibliotecii-publice","status":"publish","type":"post","link":"https:\/\/anbpr.org.ro\/index.php\/impactul-transformator-al-bibliotecii-publice\/","title":{"rendered":"Impactul transformator al bibliotecii publice"},"content":{"rendered":"<div id='share-me'><ul class='share-left'><li><a href=\"http:\/\/www.facebook.com\/sharer.php?u=https:\/\/anbpr.org.ro\/index.php\/impactul-transformator-al-bibliotecii-publice\/&t=Impactul+transformator+al+bibliotecii+publice\" alt=\"Share on Facebook\" title=\"Share on Facebook\"   onclick=\"return smWindowpop(this.href,545,433)\"><img alt = \"\" src = \"https:\/\/anbpr.org.ro\/wp-content\/plugins\/share-me\/\/assets\/images\/cercle\/facebook.png\"  height=\"32px\"  width=\"32px\"><\/a><\/li><li><a href=\"http:\/\/twitter.com\/share?text=Impactul+transformator+al+bibliotecii+publice-&url=https:\/\/anbpr.org.ro\/index.php\/impactul-transformator-al-bibliotecii-publice\/&via=ANBPR - Asocia\u021bia Na\u021bional\u0103  a Bibliotecarilor \u0219i Bibliotecilor Publice din Rom\u00e2nia\" alt=\"Tweet This Post\" title=\"Tweet This Post\"  onclick=\"return smWindowpop(this.href,545,433)\"><img alt = \"\" src = \"https:\/\/anbpr.org.ro\/wp-content\/plugins\/share-me\/\/assets\/images\/cercle\/twitter.png\"  height=\"32px\"  width=\"32px\"><\/a><\/li><li><a href=\"https:\/\/plusone.google.com\/_\/+1\/confirm?hl=fr-FR&url=https:\/\/anbpr.org.ro\/index.php\/impactul-transformator-al-bibliotecii-publice\/\" alt=\"Share on Google+\" title=\"Share on Google+\"  target=\"_blank\" onclick=\"return smWindowpop(this.href,545,433)\"><img alt = \"\" src = \"https:\/\/anbpr.org.ro\/wp-content\/plugins\/share-me\/\/assets\/images\/cercle\/googleplus.png\"  height=\"32px\"  width=\"32px\"><\/a><\/li><li><a href=\"http:\/\/www.tumblr.com\/share\/photo?source=https%3A%2F%2Fanbpr.org.ro%2Fwp-content%2Fuploads%2F2017%2F03%2F131.jpg&caption=Impactul+transformator+al+bibliotecii+publice&clickthru=https%3A%2F%2Fanbpr.org.ro%2Findex.php%2Fimpactul-transformator-al-bibliotecii-publice%2F\" title=\"Share on Tumblr\"  onclick=\"return smWindowpop(this.href,545,433)\"> <img alt = \"\" src = \"https:\/\/anbpr.org.ro\/wp-content\/plugins\/share-me\/\/assets\/images\/cercle\/tumblr.png\"  height=\"32px\"  width=\"32px\"><\/a><\/li><li><a href=\"http:\/\/www.linkedin.com\/shareArticle?mini=true&url=https:\/\/anbpr.org.ro\/index.php\/impactul-transformator-al-bibliotecii-publice\/&title=Impactul+transformator+al+bibliotecii+publice&source=ANBPR - Asocia\u021bia Na\u021bional\u0103  a Bibliotecarilor \u0219i Bibliotecilor Publice din Rom\u00e2nia\" onclick=\"return smWindowpop(this.href, 545,433)\"><img alt = \"\" src = \"https:\/\/anbpr.org.ro\/wp-content\/plugins\/share-me\/\/assets\/images\/cercle\/linkedin.png\"  height=\"32px\"  width=\"32px\"><\/a><\/li><li><a href=\"https:\/\/www.blogger.com\/blog-this.g?u=https:\/\/anbpr.org.ro\/index.php\/impactul-transformator-al-bibliotecii-publice\/&n=Impactul+transformator+al+bibliotecii+publice&t=ANBPR - Asocia\u021bia Na\u021bional\u0103  a Bibliotecarilor \u0219i Bibliotecilor Publice din Rom\u00e2nia\" alt=\"Share on Blogger\" title=\"Share on Blogger\" onclick=\"return smWindowpop(this.href, 545,433)\"><img alt = \"\" src = \"https:\/\/anbpr.org.ro\/wp-content\/plugins\/share-me\/\/assets\/images\/cercle\/blogger.png\"  height=\"32px\"  width=\"32px\"><\/a><\/li><\/ul><\/div><br\/><p>\u00cen perioada 26-28 aprilie a.c., Palatul Culturii din T\u00e2rgu-Mure\u015f a fost gazda Conferin\u0163ei ANBPR BiblioPublica, cu tema \u201eImpactul transformator al bibliotecii publice \u00een comunitate\u201d.<\/p>\n<p>Aceast\u0103 edi\u021bie a Conferin\u021bei ANBPR a adus \u00een discu\u021bie rolul \u0219i func\u021biile bibliotecii moderne \u00een evolu\u021bia \u0219i dezvoltarea durabil\u0103 a comunit\u0103\u0163ii. Prin subiectele abordate, participan\u021bii au \u00eencercat s\u0103 r\u0103spund\u0103 cum contribuie bibliotecile la satisfacerea nevoilor de informare ale comunit\u0103\u0163ii, \u00een continu\u0103 diversificare.<\/p>\n<p>Tot la T\u00e2rgu-Mure\u0219 am putut afla, de asemenea, cum se pot implica bibliotecarii \u00een formarea deprinderilor de utilizare a calculatorului \u0219i a abilit\u0103\u0163ilor de informare pe Internet \u0219i cum reu\u0219e\u0219te biblioteca public\u0103 s\u0103 \u021bin\u0103 pasul cu a\u0219tept\u0103rile publicului modern \u0219i cu schimb\u0103rile produse \u00een ultimii ani prin progresul tehnologiei.<\/p>\n","protected":false},"excerpt":{"rendered":"<p>\u00cen perioada 26-28 aprilie a.c., Palatul Culturii din T\u00e2rgu-Mure\u015f a fost gazda Conferin\u0163ei ANBPR BiblioPublica, cu tema \u201eImpactul transformator al bibliotecii publice \u00een comunitate\u201d. Aceast\u0103 edi\u021bie a Conferin\u021bei ANBPR a adus \u00een discu\u021bie rolul \u0219i func\u021biile bibliotecii moderne \u00een evolu\u021bia \u0219i dezvoltarea durabil\u0103 a comunit\u0103\u0163ii. Prin subiectele abordate, participan\u021bii au \u00eencercat s\u0103 r\u0103spund\u0103 cum contribuie <a href=\"https:\/\/anbpr.org.ro\/index.php\/impactul-transformator-al-bibliotecii-publice\/\" rel=\"nofollow\"><span class=\"sr-only\">Read more about Impactul transformator al bibliotecii publice<\/span>[&hellip;]<\/a><\/p>\n","protected":false},"author":2,"featured_media":605,"comment_status":"open","ping_status":"open","sticky":false,"template":"","format":"standard","meta":{"footnotes":""},"categories":[23,5],"tags":[],"class_list":["post-604","post","type-post","status-publish","format-standard","has-post-thumbnail","hentry","category-conferintele-anbpr","category-stiri"],"wppr_data":{"cwp_meta_box_check":"No"},"_links":{"self":[{"href":"https:\/\/anbpr.org.ro\/index.php\/wp-json\/wp\/v2\/posts\/604","targetHints":{"allow":["GET"]}}],"collection":[{"href":"https:\/\/anbpr.org.ro\/index.php\/wp-json\/wp\/v2\/posts"}],"about":[{"href":"https:\/\/anbpr.org.ro\/index.php\/wp-json\/wp\/v2\/types\/post"}],"author":[{"embeddable":true,"href":"https:\/\/anbpr.org.ro\/index.php\/wp-json\/wp\/v2\/users\/2"}],"replies":[{"embeddable":true,"href":"https:\/\/anbpr.org.ro\/index.php\/wp-json\/wp\/v2\/comments?post=604"}],"version-history":[{"count":1,"href":"https:\/\/anbpr.org.ro\/index.php\/wp-json\/wp\/v2\/posts\/604\/revisions"}],"predecessor-version":[{"id":607,"href":"https:\/\/anbpr.org.ro\/index.php\/wp-json\/wp\/v2\/posts\/604\/revisions\/607"}],"wp:featuredmedia":[{"embeddable":true,"href":"https:\/\/anbpr.org.ro\/index.php\/wp-json\/wp\/v2\/media\/605"}],"wp:attachment":[{"href":"https:\/\/anbpr.org.ro\/index.php\/wp-json\/wp\/v2\/media?parent=604"}],"wp:term":[{"taxonomy":"category","embeddable":true,"href":"https:\/\/anbpr.org.ro\/index.php\/wp-json\/wp\/v2\/categories?post=604"},{"taxonomy":"post_tag","embeddable":true,"href":"https:\/\/anbpr.org.ro\/index.php\/wp-json\/wp\/v2\/tags?post=604"}],"curies":[{"name":"wp","href":"https:\/\/api.w.org\/{rel}","templated":true}]}}