{"id":712,"date":"2013-06-21T12:37:57","date_gmt":"2013-06-21T09:37:57","guid":{"rendered":"http:\/\/anbpr.s-a-f.ro\/?p=712"},"modified":"2017-03-22T12:43:15","modified_gmt":"2017-03-22T10:43:15","slug":"regulamentul-cadru-de-organizare-si-functionare-a-bibliotecilor-publice","status":"publish","type":"post","link":"https:\/\/anbpr.org.ro\/index.php\/regulamentul-cadru-de-organizare-si-functionare-a-bibliotecilor-publice\/","title":{"rendered":"Regulamentul-cadru de organizare \u0219i func\u021bionare a bibliotecilor publice"},"content":{"rendered":"<div id='share-me'><ul class='share-left'><li><a href=\"http:\/\/www.facebook.com\/sharer.php?u=https:\/\/anbpr.org.ro\/index.php\/regulamentul-cadru-de-organizare-si-functionare-a-bibliotecilor-publice\/&t=Regulamentul-cadru+de+organizare+%C8%99i+func%C8%9Bionare+a+bibliotecilor+publice\" alt=\"Share on Facebook\" title=\"Share on Facebook\"   onclick=\"return smWindowpop(this.href,545,433)\"><img alt = \"\" src = \"https:\/\/anbpr.org.ro\/wp-content\/plugins\/share-me\/\/assets\/images\/cercle\/facebook.png\"  height=\"32px\"  width=\"32px\"><\/a><\/li><li><a href=\"http:\/\/twitter.com\/share?text=Regulamentul-cadru+de+organizare+%C8%99i+func%C8%9Bionare+a+bibliotecilor+publice-&url=https:\/\/anbpr.org.ro\/index.php\/regulamentul-cadru-de-organizare-si-functionare-a-bibliotecilor-publice\/&via=ANBPR - Asocia\u021bia Na\u021bional\u0103  a Bibliotecarilor \u0219i Bibliotecilor Publice din Rom\u00e2nia\" alt=\"Tweet This Post\" title=\"Tweet This Post\"  onclick=\"return smWindowpop(this.href,545,433)\"><img alt = \"\" src = \"https:\/\/anbpr.org.ro\/wp-content\/plugins\/share-me\/\/assets\/images\/cercle\/twitter.png\"  height=\"32px\"  width=\"32px\"><\/a><\/li><li><a href=\"https:\/\/plusone.google.com\/_\/+1\/confirm?hl=fr-FR&url=https:\/\/anbpr.org.ro\/index.php\/regulamentul-cadru-de-organizare-si-functionare-a-bibliotecilor-publice\/\" alt=\"Share on Google+\" title=\"Share on Google+\"  target=\"_blank\" onclick=\"return smWindowpop(this.href,545,433)\"><img alt = \"\" src = \"https:\/\/anbpr.org.ro\/wp-content\/plugins\/share-me\/\/assets\/images\/cercle\/googleplus.png\"  height=\"32px\"  width=\"32px\"><\/a><\/li><li><a href=\"http:\/\/www.tumblr.com\/share\/photo?source=https%3A%2F%2Fanbpr.org.ro%2Fwp-content%2Fuploads%2F2017%2F02%2Fcropped-cropped-ANBPR-1.png&caption=Regulamentul-cadru+de+organizare+%C8%99i+func%C8%9Bionare+a+bibliotecilor+publice&clickthru=https%3A%2F%2Fanbpr.org.ro%2Findex.php%2Fregulamentul-cadru-de-organizare-si-functionare-a-bibliotecilor-publice%2F\" title=\"Share on Tumblr\"  onclick=\"return smWindowpop(this.href,545,433)\"> <img alt = \"\" src = \"https:\/\/anbpr.org.ro\/wp-content\/plugins\/share-me\/\/assets\/images\/cercle\/tumblr.png\"  height=\"32px\"  width=\"32px\"><\/a><\/li><li><a href=\"http:\/\/www.linkedin.com\/shareArticle?mini=true&url=https:\/\/anbpr.org.ro\/index.php\/regulamentul-cadru-de-organizare-si-functionare-a-bibliotecilor-publice\/&title=Regulamentul-cadru+de+organizare+%C8%99i+func%C8%9Bionare+a+bibliotecilor+publice&source=ANBPR - Asocia\u021bia Na\u021bional\u0103  a Bibliotecarilor \u0219i Bibliotecilor Publice din Rom\u00e2nia\" onclick=\"return smWindowpop(this.href, 545,433)\"><img alt = \"\" src = \"https:\/\/anbpr.org.ro\/wp-content\/plugins\/share-me\/\/assets\/images\/cercle\/linkedin.png\"  height=\"32px\"  width=\"32px\"><\/a><\/li><li><a href=\"https:\/\/www.blogger.com\/blog-this.g?u=https:\/\/anbpr.org.ro\/index.php\/regulamentul-cadru-de-organizare-si-functionare-a-bibliotecilor-publice\/&n=Regulamentul-cadru+de+organizare+%C8%99i+func%C8%9Bionare+a+bibliotecilor+publice&t=ANBPR - Asocia\u021bia Na\u021bional\u0103  a Bibliotecarilor \u0219i Bibliotecilor Publice din Rom\u00e2nia\" alt=\"Share on Blogger\" title=\"Share on Blogger\" onclick=\"return smWindowpop(this.href, 545,433)\"><img alt = \"\" src = \"https:\/\/anbpr.org.ro\/wp-content\/plugins\/share-me\/\/assets\/images\/cercle\/blogger.png\"  height=\"32px\"  width=\"32px\"><\/a><\/li><\/ul><\/div><br\/><p>Biroul Executiv al ANBPR lanseaz\u0103 \u00een consultare proiectul Regulamentului-Cadru de Organizare \u0219i Func\u021bionare a Bibliotecilor Publice.<\/p>\n<p>A\u0219tept\u0103m observa\u021biile, sugestiile \u0219i interven\u021biile dvs. via email la adresa <a href=\"mailto:anbpr_ro@yahoo.com\">anbpr_ro@yahoo.com<\/a>\u00a0p\u00e2n\u0103 cel t\u00e2rziu 08 iulie 2013.<\/p>\n<p>Proiectul\u00a0Regulamentului-cadru de organizare \u0219i func\u021bionare a bibliotecilor publice este accesibil <a href=\"http:\/\/www.anbpr.org.ro\/images\/PDF\/regulament_cadru_proiect.pdf\" target=\"_blank\">aici<\/a>.<\/p>\n","protected":false},"excerpt":{"rendered":"<p>Biroul Executiv al ANBPR lanseaz\u0103 \u00een consultare proiectul Regulamentului-Cadru de Organizare \u0219i Func\u021bionare a Bibliotecilor Publice. A\u0219tept\u0103m observa\u021biile, sugestiile \u0219i interven\u021biile dvs. via email la adresa anbpr_ro@yahoo.com\u00a0p\u00e2n\u0103 cel t\u00e2rziu 08 iulie 2013. Proiectul\u00a0Regulamentului-cadru de organizare \u0219i func\u021bionare a bibliotecilor publice este accesibil aici.<\/p>\n","protected":false},"author":2,"featured_media":62,"comment_status":"open","ping_status":"open","sticky":false,"template":"","format":"standard","meta":{"footnotes":""},"categories":[30,5],"tags":[],"class_list":["post-712","post","type-post","status-publish","format-standard","has-post-thumbnail","hentry","category-documente","category-stiri"],"wppr_data":{"cwp_meta_box_check":"No"},"_links":{"self":[{"href":"https:\/\/anbpr.org.ro\/index.php\/wp-json\/wp\/v2\/posts\/712","targetHints":{"allow":["GET"]}}],"collection":[{"href":"https:\/\/anbpr.org.ro\/index.php\/wp-json\/wp\/v2\/posts"}],"about":[{"href":"https:\/\/anbpr.org.ro\/index.php\/wp-json\/wp\/v2\/types\/post"}],"author":[{"embeddable":true,"href":"https:\/\/anbpr.org.ro\/index.php\/wp-json\/wp\/v2\/users\/2"}],"replies":[{"embeddable":true,"href":"https:\/\/anbpr.org.ro\/index.php\/wp-json\/wp\/v2\/comments?post=712"}],"version-history":[{"count":2,"href":"https:\/\/anbpr.org.ro\/index.php\/wp-json\/wp\/v2\/posts\/712\/revisions"}],"predecessor-version":[{"id":714,"href":"https:\/\/anbpr.org.ro\/index.php\/wp-json\/wp\/v2\/posts\/712\/revisions\/714"}],"wp:featuredmedia":[{"embeddable":true,"href":"https:\/\/anbpr.org.ro\/index.php\/wp-json\/wp\/v2\/media\/62"}],"wp:attachment":[{"href":"https:\/\/anbpr.org.ro\/index.php\/wp-json\/wp\/v2\/media?parent=712"}],"wp:term":[{"taxonomy":"category","embeddable":true,"href":"https:\/\/anbpr.org.ro\/index.php\/wp-json\/wp\/v2\/categories?post=712"},{"taxonomy":"post_tag","embeddable":true,"href":"https:\/\/anbpr.org.ro\/index.php\/wp-json\/wp\/v2\/tags?post=712"}],"curies":[{"name":"wp","href":"https:\/\/api.w.org\/{rel}","templated":true}]}}