{"id":916,"date":"2016-07-21T09:26:10","date_gmt":"2016-07-21T06:26:10","guid":{"rendered":"http:\/\/anbpr.s-a-f.ro\/?p=916"},"modified":"2017-03-24T11:45:47","modified_gmt":"2017-03-24T09:45:47","slug":"problematica-orfanilor-migratiei-in-atentia-guvernantilor","status":"publish","type":"post","link":"https:\/\/anbpr.org.ro\/index.php\/problematica-orfanilor-migratiei-in-atentia-guvernantilor\/","title":{"rendered":"Problematica \u201eorfanilor migra\u021biei\u201d \u00een aten\u021bia guvernan\u021bilor"},"content":{"rendered":"<div id='share-me'><ul class='share-left'><li><a href=\"http:\/\/www.facebook.com\/sharer.php?u=https:\/\/anbpr.org.ro\/index.php\/problematica-orfanilor-migratiei-in-atentia-guvernantilor\/&t=Problematica+%E2%80%9Eorfanilor+migra%C8%9Biei%E2%80%9D+%C3%AEn+aten%C8%9Bia+guvernan%C8%9Bilor\" alt=\"Share on Facebook\" title=\"Share on Facebook\"   onclick=\"return smWindowpop(this.href,545,433)\"><img alt = \"\" src = \"https:\/\/anbpr.org.ro\/wp-content\/plugins\/share-me\/\/assets\/images\/cercle\/facebook.png\"  height=\"32px\"  width=\"32px\"><\/a><\/li><li><a href=\"http:\/\/twitter.com\/share?text=Problematica+%E2%80%9Eorfanilor+migra%C8%9Biei%E2%80%9D+%C3%AEn+aten%C8%9Bia+guvernan%C8%9Bilor-&url=https:\/\/anbpr.org.ro\/index.php\/problematica-orfanilor-migratiei-in-atentia-guvernantilor\/&via=ANBPR - Asocia\u021bia Na\u021bional\u0103  a Bibliotecarilor \u0219i Bibliotecilor Publice din Rom\u00e2nia\" alt=\"Tweet This Post\" title=\"Tweet This Post\"  onclick=\"return smWindowpop(this.href,545,433)\"><img alt = \"\" src = \"https:\/\/anbpr.org.ro\/wp-content\/plugins\/share-me\/\/assets\/images\/cercle\/twitter.png\"  height=\"32px\"  width=\"32px\"><\/a><\/li><li><a href=\"https:\/\/plusone.google.com\/_\/+1\/confirm?hl=fr-FR&url=https:\/\/anbpr.org.ro\/index.php\/problematica-orfanilor-migratiei-in-atentia-guvernantilor\/\" alt=\"Share on Google+\" title=\"Share on Google+\"  target=\"_blank\" onclick=\"return smWindowpop(this.href,545,433)\"><img alt = \"\" src = \"https:\/\/anbpr.org.ro\/wp-content\/plugins\/share-me\/\/assets\/images\/cercle\/googleplus.png\"  height=\"32px\"  width=\"32px\"><\/a><\/li><li><a href=\"http:\/\/www.tumblr.com\/share\/photo?source=https%3A%2F%2Fanbpr.org.ro%2Fwp-content%2Fuploads%2F2017%2F03%2FGrup_de_Lucru_Migratie.jpg&caption=Problematica+%E2%80%9Eorfanilor+migra%C8%9Biei%E2%80%9D+%C3%AEn+aten%C8%9Bia+guvernan%C8%9Bilor&clickthru=https%3A%2F%2Fanbpr.org.ro%2Findex.php%2Fproblematica-orfanilor-migratiei-in-atentia-guvernantilor%2F\" title=\"Share on Tumblr\"  onclick=\"return smWindowpop(this.href,545,433)\"> <img alt = \"\" src = \"https:\/\/anbpr.org.ro\/wp-content\/plugins\/share-me\/\/assets\/images\/cercle\/tumblr.png\"  height=\"32px\"  width=\"32px\"><\/a><\/li><li><a href=\"http:\/\/www.linkedin.com\/shareArticle?mini=true&url=https:\/\/anbpr.org.ro\/index.php\/problematica-orfanilor-migratiei-in-atentia-guvernantilor\/&title=Problematica+%E2%80%9Eorfanilor+migra%C8%9Biei%E2%80%9D+%C3%AEn+aten%C8%9Bia+guvernan%C8%9Bilor&source=ANBPR - Asocia\u021bia Na\u021bional\u0103  a Bibliotecarilor \u0219i Bibliotecilor Publice din Rom\u00e2nia\" onclick=\"return smWindowpop(this.href, 545,433)\"><img alt = \"\" src = \"https:\/\/anbpr.org.ro\/wp-content\/plugins\/share-me\/\/assets\/images\/cercle\/linkedin.png\"  height=\"32px\"  width=\"32px\"><\/a><\/li><li><a href=\"https:\/\/www.blogger.com\/blog-this.g?u=https:\/\/anbpr.org.ro\/index.php\/problematica-orfanilor-migratiei-in-atentia-guvernantilor\/&n=Problematica+%E2%80%9Eorfanilor+migra%C8%9Biei%E2%80%9D+%C3%AEn+aten%C8%9Bia+guvernan%C8%9Bilor&t=ANBPR - Asocia\u021bia Na\u021bional\u0103  a Bibliotecarilor \u0219i Bibliotecilor Publice din Rom\u00e2nia\" alt=\"Share on Blogger\" title=\"Share on Blogger\" onclick=\"return smWindowpop(this.href, 545,433)\"><img alt = \"\" src = \"https:\/\/anbpr.org.ro\/wp-content\/plugins\/share-me\/\/assets\/images\/cercle\/blogger.png\"  height=\"32px\"  width=\"32px\"><\/a><\/li><\/ul><\/div><br\/><p>Miercuri, 20 iulie 2016, s-a \u00eentrunit, la Palatul Cotroceni, Grupul de Lucru privind\u00a0problematica social\u0103 \u0219i de sprijin a copiilor cu p\u0103rin\u021bii afla\u021bi la munc\u0103 \u00een str\u0103in\u0103tate.<\/p>\n<p>\u00cent\u00e2lnirea a fost\u00a0faciltat\u0103 de Sandra Pralong, Consilier de Stat \u00een cadrul Administra\u021biei Preziden\u021biale, \u0219i s-a bucurat de participarea mai multor reprezentan\u021bi ai institu\u021biilor statului, printre care\u00a0Ministerul Afacerilor Externe, Ministerul Justi\u021biei, Ministerul Educa\u021biei Na\u021bionale \u0219i Cercet\u0103rii \u0218tiin\u021bifice, Ministerul\u00a0S\u0103n\u0103t\u0103\u021bii, Ministerul Muncii, Familiei, Protec\u021biei Sociale \u015fi Persoanelor V\u00e2rstnice, Ministerul Finan\u021belor Publice, Ministerul Fondurilor Europene, Consultare Public\u0103 \u0219i Dialog Civic, Cancelaria Primului-Ministru, Autoritatea Na\u021bional\u0103 pentru Protec\u021bia Drepturilor Copilului \u0219i Adop\u021bie (ANPDCA), Casa Na\u021bional\u0103 de Asigur\u0103ri de S\u0103n\u0103tate (CNAS), Institutul Na\u021bional de Statistic\u0103 (INS), Agen\u0163ia Na\u0163ional\u0103 pentru Egalitatea de \u015eanse \u00eentre Femei \u015fi B\u0103rba\u0163i (ANES), Patriarhia Rom\u00e2n\u0103 \u0219i TVR.<\/p>\n<p>La Grupul de Lucru au participat, de asemenea,\u00a0cele mai importante organiza\u021bii neguvernamentale preocupate de problematica victimelor fenomenului circula\u021biei for\u021bei de munc\u0103 \u00een str\u0103in\u0103tate, printre care Asocia\u021bia Femeilor Rom\u00e2nce din Italia (ADRI), ini\u021biatoarea proiectului \u201eTe iube\u0219te mama!\u201d, UNICEF, Misiunea Interna\u021bional\u0103 pentru Migra\u021bie (OIM), Salva\u021bi Copiii, Alternative Sociale, Federa\u021bia Organiza\u021biilor Neguvernamentale pentru Copii, Asocia\u021bia Comunelor din Rom\u00e2nia, Asocia\u021bia Na\u021bional\u0103 a Bibliotecarilor \u0219i Bibliotecilor Publice din Rom\u00e2nia, Biblionet, Funda\u021bia Apel Ro, Comitetul CIAO Romania, Funda\u021bia Schottener, Confedera\u021bia General\u0103 Italian\u0103 a Lucr\u0103torilor, Asocia\u021bia Latin\u0103 ITAL UIL, EXOD 2.0 etc.<\/p>\n<p>Ca urmare a acestei \u00eent\u00e2lniri de lucru,\u00a0cei prezen\u021bi au agreat ca, p\u00e2n\u0103 la \u00eenceputul lunii septembrie 2016,\u00a0s\u0103 se produc\u0103 livrabile concrete pe\u00a0trei componente principale, \u0219i anume: <strong>Armonizarea datelor, Legisla\u021bie\/Administrativ<\/strong> \u0219i <strong>Politici publice \u0219i resurse umane<\/strong>.<\/p>\n<p><strong>Asocia\u021bia Na\u021bional\u0103 a Bibliotecarilor \u0219i Bibliotecilor Publice (ANBPR),<\/strong> reprezentat\u0103 \u00een Grupul de Lucru prin Directorul Executiv Ioana Crihan\u0103,\u00a0\u0219i-a afirmat disponibilitatea de implicare \u00een sub-grupul Politici publice \u0219i resurse umane, \u0219i anume Asocia\u021bia\u00a0va avea contribu\u021bii \u00een ce prive\u0219te\u00a0integrarea socio-cultural\u0103 a &#8222;orfanilor migra\u021biei&#8221;.<\/p>\n<p>Potrivit discu\u021biilor, Grupul de Lucru reunit la Palatul Cotroceni va propune simplific\u0103ri administrative \u015fi legislative privind situa\u021bia particular\u0103 a copiilor cu p\u0103rin\u021bii afla\u021bi la munc\u0103 \u00een str\u0103in\u0103tate\u00a0\u015fi ini\u021bierea unor politici publice integrate care s\u0103 amelioreze condi\u021biile de via\u021b\u0103 \u0219i dezvoltare ale acestor copii \u015fi\u00a0ale apar\u021bin\u0103torilor lor.<\/p>\n","protected":false},"excerpt":{"rendered":"<p>Miercuri, 20 iulie 2016, s-a \u00eentrunit, la Palatul Cotroceni, Grupul de Lucru privind\u00a0problematica social\u0103 \u0219i de sprijin a copiilor cu p\u0103rin\u021bii afla\u021bi la munc\u0103 \u00een str\u0103in\u0103tate. \u00cent\u00e2lnirea a fost\u00a0faciltat\u0103 de Sandra Pralong, Consilier de Stat \u00een cadrul Administra\u021biei Preziden\u021biale, \u0219i s-a bucurat de participarea mai multor reprezentan\u021bi ai institu\u021biilor statului, printre care\u00a0Ministerul Afacerilor Externe, Ministerul <a href=\"https:\/\/anbpr.org.ro\/index.php\/problematica-orfanilor-migratiei-in-atentia-guvernantilor\/\" rel=\"nofollow\"><span class=\"sr-only\">Read more about Problematica \u201eorfanilor migra\u021biei\u201d \u00een aten\u021bia guvernan\u021bilor<\/span>[&hellip;]<\/a><\/p>\n","protected":false},"author":2,"featured_media":917,"comment_status":"open","ping_status":"open","sticky":false,"template":"","format":"standard","meta":{"footnotes":""},"categories":[12,5],"tags":[],"class_list":["post-916","post","type-post","status-publish","format-standard","has-post-thumbnail","hentry","category-proiecte","category-stiri"],"wppr_data":{"cwp_meta_box_check":"No"},"_links":{"self":[{"href":"https:\/\/anbpr.org.ro\/index.php\/wp-json\/wp\/v2\/posts\/916","targetHints":{"allow":["GET"]}}],"collection":[{"href":"https:\/\/anbpr.org.ro\/index.php\/wp-json\/wp\/v2\/posts"}],"about":[{"href":"https:\/\/anbpr.org.ro\/index.php\/wp-json\/wp\/v2\/types\/post"}],"author":[{"embeddable":true,"href":"https:\/\/anbpr.org.ro\/index.php\/wp-json\/wp\/v2\/users\/2"}],"replies":[{"embeddable":true,"href":"https:\/\/anbpr.org.ro\/index.php\/wp-json\/wp\/v2\/comments?post=916"}],"version-history":[{"count":3,"href":"https:\/\/anbpr.org.ro\/index.php\/wp-json\/wp\/v2\/posts\/916\/revisions"}],"predecessor-version":[{"id":1343,"href":"https:\/\/anbpr.org.ro\/index.php\/wp-json\/wp\/v2\/posts\/916\/revisions\/1343"}],"wp:featuredmedia":[{"embeddable":true,"href":"https:\/\/anbpr.org.ro\/index.php\/wp-json\/wp\/v2\/media\/917"}],"wp:attachment":[{"href":"https:\/\/anbpr.org.ro\/index.php\/wp-json\/wp\/v2\/media?parent=916"}],"wp:term":[{"taxonomy":"category","embeddable":true,"href":"https:\/\/anbpr.org.ro\/index.php\/wp-json\/wp\/v2\/categories?post=916"},{"taxonomy":"post_tag","embeddable":true,"href":"https:\/\/anbpr.org.ro\/index.php\/wp-json\/wp\/v2\/tags?post=916"}],"curies":[{"name":"wp","href":"https:\/\/api.w.org\/{rel}","templated":true}]}}